{"id":3082,"date":"2012-06-12T17:10:38","date_gmt":"2012-06-12T22:10:38","guid":{"rendered":"http:\/\/www.plurinominal.com.mx\/?p=3082"},"modified":"2012-06-12T17:10:38","modified_gmt":"2012-06-12T22:10:38","slug":"quintero-anuncia-su-retiro-de-la-politica-si-el-resultado-no-le-favorece","status":"publish","type":"post","link":"https:\/\/www.plurinominal.com.mx\/?p=3082","title":{"rendered":"Quintero anuncia su retiro de la pol\u00edtica si el resultado no le favorece"},"content":{"rendered":"<p>As\u00ed lo expuso en el barrio de la Santa Cruz<\/p>\n<p>Marco Serna.- Frente al grupo de gentes que anteriormente jugaron roles destacados en el Partido Acci\u00f3n Nacional, as\u00ed como de la tropa de simpatizantes que se dieron cita en el mitin de la Santa Cruz, Jorge Luis Quintero Lu\u00e9vano, \u2014candidato del PRI a la presidencia municipal\u2014 mencion\u00f3, \u201csi nos ganan nos retiramos de la pol\u00edtica\u2026 se los aseguro\u201d.<br \/>\nEl reloj marcaba casi las 10:15 PM, cuando el Profesor luego de su intervenci\u00f3n principal a\u00f1adi\u00f3, \u201cbueno\u2026 les digo, Mario Ruiz, Moyito, Profe Jos\u00e9, Mireles, Maestra Luc\u00eda\u2026 todos los que est\u00e1n aqu\u00ed, si nos ganan nos retiramos de la pol\u00edtica\u201d. En el lugar se not\u00f3 adem\u00e1s a David Mac\u00edas, Wulfrano Flores, Erick Fortuna, y Mois\u00e9s Chavira, quien tambi\u00e9n intervino con un mensaje para el p\u00fablico asistente, entre otros.<br \/>\nEl pri\u00edsta Jorge Luis, dijo que el primero de julio, \u201cvan a ganar todos\u201d y su gente estall\u00f3 en aplausos.<br \/>\nAnte la declaraci\u00f3n, pidi\u00f3 el micr\u00f3fono el se\u00f1or conocido como \u201cMireles\u201d, quien dijo, \u201c\u2026la votaci\u00f3n ya la tenemos ganada\u2026 ante los adversarios que tenemos orita\u2026 porque las mentiras que andan echando no se la van a acabar el d\u00eda dos\u201d.<br \/>\nEntre las acciones relevantes del PRI de la semana concluida, fue su visita ante vecinos de La Santa Cruz y Los Pinos, donde expuso su propuesta de trabajo.<br \/>\nEn eventos donde frente al escenario se notaba \u201cla ola roja\u201d, el candidato enfatiz\u00f3 las principales carencias que enfrenta Cerritos. \u201cEl proyecto del PRI se sustenta en la asistencia social\u201d, mencion\u00f3 el candidato.<br \/>\nEste s\u00e1bado, desde las 19:00 horas, sobre la calle Jes\u00fas Carranza, se realiz\u00f3 una junta con vecinos del sector antes de encaminarse al mitin, donde resalt\u00f3 con una camisa color azul el Profesor Jos\u00e9 Guti\u00e9rrez Az\u00faa, pero luego al subir al escenario, se pondr\u00eda encima una del tricolor. En el lugar se notaron globos rojos, y playeras \u201ccoloradas\u201d.<br \/>\nOtro grupo de simpatizantes se not\u00f3 sobre la calle Maclovio Herrera para unirse al de Jes\u00fas Carranza, donde se bloque\u00f3 el paso vehicular.<br \/>\nLa plaza de la Santa Cruz sirvi\u00f3 de escenario y el sector se rode\u00f3 de veh\u00edculos. Quintero record\u00f3 que en ese barrio vivi\u00f3 parte de su infancia.<br \/>\nAl t\u00e9rmino del mitin, se quiso evitar una marcha al asegurarse que algunas han sufrido amenazas, pero la gente exigi\u00f3 que se llevara a cabo.<br \/>\n\u201cSabemos que estamos acostumbrados a realizar nuestros m\u00edtines y despu\u00e9s de ello caravanas y caminatas, pero debido a las amenazas, injurias y provocaciones\u2026 a que golpearon un muchacho no queremos seguir en esa l\u00ednea\u2026 a petici\u00f3n de nuestro candidato nos dicen que por el d\u00eda de hoy nos vayamos lo m\u00e1s que podamos tranquilos a nuestras casas\u201d, por lo que el orador fue interrumpido por el p\u00fablico y finalmente se accedi\u00f3 a esa costumbre.<\/p>\n","protected":false},"excerpt":{"rendered":"<p>As\u00ed lo expuso en el barrio de la Santa Cruz Marco Serna.- Frente al grupo de gentes que anteriormente jugaron roles destacados en el Partido Acci\u00f3n Nacional, as\u00ed como de&#8230;<\/p>\n","protected":false},"author":1,"featured_media":3083,"comment_status":"closed","ping_status":"open","sticky":false,"template":"","format":"standard","meta":{"footnotes":""},"categories":[463],"tags":[],"class_list":["post-3082","post","type-post","status-publish","format-standard","has-post-thumbnail","hentry","category-politica","entry","simple"],"_links":{"self":[{"href":"https:\/\/www.plurinominal.com.mx\/index.php?rest_route=\/wp\/v2\/posts\/3082","targetHints":{"allow":["GET"]}}],"collection":[{"href":"https:\/\/www.plurinominal.com.mx\/index.php?rest_route=\/wp\/v2\/posts"}],"about":[{"href":"https:\/\/www.plurinominal.com.mx\/index.php?rest_route=\/wp\/v2\/types\/post"}],"author":[{"embeddable":true,"href":"https:\/\/www.plurinominal.com.mx\/index.php?rest_route=\/wp\/v2\/users\/1"}],"replies":[{"embeddable":true,"href":"https:\/\/www.plurinominal.com.mx\/index.php?rest_route=%2Fwp%2Fv2%2Fcomments&post=3082"}],"version-history":[{"count":0,"href":"https:\/\/www.plurinominal.com.mx\/index.php?rest_route=\/wp\/v2\/posts\/3082\/revisions"}],"wp:featuredmedia":[{"embeddable":true,"href":"https:\/\/www.plurinominal.com.mx\/index.php?rest_route=\/wp\/v2\/media\/3083"}],"wp:attachment":[{"href":"https:\/\/www.plurinominal.com.mx\/index.php?rest_route=%2Fwp%2Fv2%2Fmedia&parent=3082"}],"wp:term":[{"taxonomy":"category","embeddable":true,"href":"https:\/\/www.plurinominal.com.mx\/index.php?rest_route=%2Fwp%2Fv2%2Fcategories&post=3082"},{"taxonomy":"post_tag","embeddable":true,"href":"https:\/\/www.plurinominal.com.mx\/index.php?rest_route=%2Fwp%2Fv2%2Ftags&post=3082"}],"curies":[{"name":"wp","href":"https:\/\/api.w.org\/{rel}","templated":true}]}}