{"id":3085,"date":"2012-06-12T17:14:03","date_gmt":"2012-06-12T22:14:03","guid":{"rendered":"http:\/\/www.plurinominal.com.mx\/?p=3085"},"modified":"2012-06-12T17:14:03","modified_gmt":"2012-06-12T22:14:03","slug":"el-verde-sigue-visitando-barrios-en-la-cabecera","status":"publish","type":"post","link":"https:\/\/www.plurinominal.com.mx\/?p=3085","title":{"rendered":"El Verde sigue visitando barrios en la cabecera"},"content":{"rendered":"<p>Rom\u00e1n G. y Francisco V.- El jueves 7 de junio, la colonia Francisco Villa tuvo la visita del Partido Verde.<br \/>\nFamilias pertenecientes a esta colonia, se dieron cita desde cerca de las 8:00 de la noche para recibir al candidato Carlos Ruiz, quien a su llegada agradeci\u00f3 el momento de presencia de los vecinos.<br \/>\n\u201cEl ni\u00f1o verde\u201d invit\u00f3 a ya \u201cno dejarse enga\u00f1ar por las mismas promesas\u201d, recordando que tras las elecciones los candidatos que acudieron a pedir el voto nunca regresan a atender las necesidades de las familias.<br \/>\nEntre lo destacado como necesidad de este sector es la rehabilitaci\u00f3n de los accesos de veh\u00edculos que luego de cada lluvia presentan mayores da\u00f1os y dificultad para la entrada a la colonia.<br \/>\nRuiz P\u00e9rez agreg\u00f3, \u201cel partido verde a diferencia de sus contrarios en turno no cuenta con grandes recursos monetarios, por ello sus presentaciones no son ostentosas\u201d.<br \/>\nDijo que a pesar de ello la respuesta de la gente ha sido favorable.<br \/>\nLa propuesta del verde no ofrece m\u00e1s promesas, solo realidades que en un 100% pueden ser llevadas a cabo.<br \/>\nEl objetivo no es entrar en conflicto ante ning\u00fan oponente pol\u00edtico, m\u00e1s bien ganar la confianza de la gente que quiera unirse al movimiento y cambiar definitivamente el futuro de los cerritenses.<br \/>\nPosteriormente el viernes 8 junio, se realiz\u00f3 un mitin en el barrio de San Francisco, conocido como \u00abEl Gavil\u00e1n\u00bb.<br \/>\nCon algunos veh\u00edculos y sonido empezaron a invitar a los habitantes del lugar, los cuales llegaron en gran n\u00famero a escuchar las propuestas de los j\u00f3venes candidatos.<br \/>\n\u00abLa gente ya est\u00e1 cansada de ver siempre a los mismos disputar la Presidencia Municipal\u201d.<br \/>\nAseguraron que las propuestas que hicieron los j\u00f3venes candidatos son tentadoras y viables para llevarse a cabo en caso de que el Verde Ecologista obtenga la victoria.<br \/>\nEl evento inici\u00f3 a las ocho de la noche, donde tom\u00f3 la palabra Guadalupe Guti\u00e9rrez Medell\u00edn, Modesta Cuevas y el candidato a la Presidencia Municipal Carlos Ruiz P\u00e9rez, todos ellos mencionaron las propuestas de campa\u00f1a, que dar\u00e1n prioridad al empleo y ecolog\u00eda.<br \/>\nLa intervenci\u00f3n de los oradores fue breve pero sustanciosa. Con pocas palabras expusieron las ideas sobre la forma de trabajo.<br \/>\nCabe destacar, que los integrantes del Partido Verde Ecologista tuvieron buena asistencia, adem\u00e1s el comentario de los asistentes fue de aceptaci\u00f3n en cuanto a las propuestas.<br \/>\nEl candidato a la Presidencia Municipal coment\u00f3 que la gente se acerca a escucharlos y que han recibido ciertos elogios por las propuestas. La mayor\u00eda le ha externado su apoyo y compromiso de votar en su favor el 1 julio.<\/p>\n","protected":false},"excerpt":{"rendered":"<p>Rom\u00e1n G. y Francisco V.- El jueves 7 de junio, la colonia Francisco Villa tuvo la visita del Partido Verde. Familias pertenecientes a esta colonia, se dieron cita desde cerca&#8230;<\/p>\n","protected":false},"author":1,"featured_media":3086,"comment_status":"closed","ping_status":"open","sticky":false,"template":"","format":"standard","meta":{"footnotes":""},"categories":[463],"tags":[],"class_list":["post-3085","post","type-post","status-publish","format-standard","has-post-thumbnail","hentry","category-politica","entry","simple"],"_links":{"self":[{"href":"https:\/\/www.plurinominal.com.mx\/index.php?rest_route=\/wp\/v2\/posts\/3085","targetHints":{"allow":["GET"]}}],"collection":[{"href":"https:\/\/www.plurinominal.com.mx\/index.php?rest_route=\/wp\/v2\/posts"}],"about":[{"href":"https:\/\/www.plurinominal.com.mx\/index.php?rest_route=\/wp\/v2\/types\/post"}],"author":[{"embeddable":true,"href":"https:\/\/www.plurinominal.com.mx\/index.php?rest_route=\/wp\/v2\/users\/1"}],"replies":[{"embeddable":true,"href":"https:\/\/www.plurinominal.com.mx\/index.php?rest_route=%2Fwp%2Fv2%2Fcomments&post=3085"}],"version-history":[{"count":0,"href":"https:\/\/www.plurinominal.com.mx\/index.php?rest_route=\/wp\/v2\/posts\/3085\/revisions"}],"wp:featuredmedia":[{"embeddable":true,"href":"https:\/\/www.plurinominal.com.mx\/index.php?rest_route=\/wp\/v2\/media\/3086"}],"wp:attachment":[{"href":"https:\/\/www.plurinominal.com.mx\/index.php?rest_route=%2Fwp%2Fv2%2Fmedia&parent=3085"}],"wp:term":[{"taxonomy":"category","embeddable":true,"href":"https:\/\/www.plurinominal.com.mx\/index.php?rest_route=%2Fwp%2Fv2%2Fcategories&post=3085"},{"taxonomy":"post_tag","embeddable":true,"href":"https:\/\/www.plurinominal.com.mx\/index.php?rest_route=%2Fwp%2Fv2%2Ftags&post=3085"}],"curies":[{"name":"wp","href":"https:\/\/api.w.org\/{rel}","templated":true}]}}