{"id":3096,"date":"2012-06-05T17:49:13","date_gmt":"2012-06-05T22:49:13","guid":{"rendered":"http:\/\/www.plurinominal.com.mx\/?p=3096"},"modified":"2012-06-12T17:51:51","modified_gmt":"2012-06-12T22:51:51","slug":"jardin-de-ninos-rosaura-zapata-practico-el-reciclaje","status":"publish","type":"post","link":"https:\/\/www.plurinominal.com.mx\/?p=3096","title":{"rendered":"En jard\u00edn de ni\u00f1os Rosaura Zapata practicaron el reciclaje"},"content":{"rendered":"<figure id=\"attachment_3097\" aria-describedby=\"caption-attachment-3097\" style=\"width: 283px\" class=\"wp-caption alignright\"><a href=\"https:\/\/www.plurinominal.com.mx\/wp-content\/uploads\/RECICLAJE.jpg\"><img loading=\"lazy\" decoding=\"async\" class=\"size-full wp-image-3097\" title=\"RECICLAJE\" src=\"https:\/\/www.plurinominal.com.mx\/wp-content\/uploads\/RECICLAJE.jpg\" alt=\"\" width=\"283\" height=\"213\" \/><\/a><figcaption id=\"caption-attachment-3097\" class=\"wp-caption-text\">Practicaron el reciclaje.<\/figcaption><\/figure>\n<p><em>Rom\u00e1n G.-<\/em> Este martes el Jard\u00edn de Ni\u00f1os Rosaura Zapata llev\u00f3 a cabo un concurso de reciclaje de pl\u00e1sticos.<br \/>\nLa convocatoria provino de la Secretar\u00eda de Educaci\u00f3n P\u00fablica, que const\u00f3 en la recolecci\u00f3n de pl\u00e1sticos por parte de cada sal\u00f3n integrante del plantel.<br \/>\nEl lunes, padres de familia llevaron a cabo la entrega de la recolecci\u00f3n para su pesaje, y el martes se llev\u00f3 a cabo la entrega de lo recolectado ante la Direcci\u00f3n de Ecolog\u00eda de la empresa Cementos Moctezuma.<br \/>\nA cada grupo escolar participante, se le entregaron premios individuales.<br \/>\nCon estas acciones, se intenta entre los infantes el cuidado del medio ambiente y la pr\u00e1ctica del reciclaje.<br \/>\nGracias al gran esfuerzo del alumnado y padres de familia, la direcci\u00f3n del plantel realiz\u00f3 la entrega de la venta de lo recaudado que logr\u00f3 la suma cercana a los $1,800 pesos.<br \/>\nEl evento se organiz\u00f3 en el marco del D\u00eda Mundial del Medio Ambiente.<br \/>\nPersonal docente reconoci\u00f3 que los productos reciclables representan grandes ganancias. Se asegur\u00f3 que esta edici\u00f3n 2012 ha sido una de las m\u00e1s productivas para la instituci\u00f3n que contin\u00faa fomentando la participaci\u00f3n del alumnado en temas de importancia.<\/p>\n","protected":false},"excerpt":{"rendered":"<p>Rom\u00e1n G.- Este martes el Jard\u00edn de Ni\u00f1os Rosaura Zapata llev\u00f3 a cabo un concurso de reciclaje de pl\u00e1sticos. La convocatoria provino de la Secretar\u00eda de Educaci\u00f3n P\u00fablica, que const\u00f3&#8230;<\/p>\n","protected":false},"author":1,"featured_media":0,"comment_status":"closed","ping_status":"open","sticky":false,"template":"","format":"standard","meta":{"footnotes":""},"categories":[3],"tags":[],"class_list":["post-3096","post","type-post","status-publish","format-standard","hentry","category-cerritos","entry","simple"],"_links":{"self":[{"href":"https:\/\/www.plurinominal.com.mx\/index.php?rest_route=\/wp\/v2\/posts\/3096","targetHints":{"allow":["GET"]}}],"collection":[{"href":"https:\/\/www.plurinominal.com.mx\/index.php?rest_route=\/wp\/v2\/posts"}],"about":[{"href":"https:\/\/www.plurinominal.com.mx\/index.php?rest_route=\/wp\/v2\/types\/post"}],"author":[{"embeddable":true,"href":"https:\/\/www.plurinominal.com.mx\/index.php?rest_route=\/wp\/v2\/users\/1"}],"replies":[{"embeddable":true,"href":"https:\/\/www.plurinominal.com.mx\/index.php?rest_route=%2Fwp%2Fv2%2Fcomments&post=3096"}],"version-history":[{"count":0,"href":"https:\/\/www.plurinominal.com.mx\/index.php?rest_route=\/wp\/v2\/posts\/3096\/revisions"}],"wp:attachment":[{"href":"https:\/\/www.plurinominal.com.mx\/index.php?rest_route=%2Fwp%2Fv2%2Fmedia&parent=3096"}],"wp:term":[{"taxonomy":"category","embeddable":true,"href":"https:\/\/www.plurinominal.com.mx\/index.php?rest_route=%2Fwp%2Fv2%2Fcategories&post=3096"},{"taxonomy":"post_tag","embeddable":true,"href":"https:\/\/www.plurinominal.com.mx\/index.php?rest_route=%2Fwp%2Fv2%2Ftags&post=3096"}],"curies":[{"name":"wp","href":"https:\/\/api.w.org\/{rel}","templated":true}]}}