{"id":3101,"date":"2012-06-12T22:29:11","date_gmt":"2012-06-13T03:29:11","guid":{"rendered":"http:\/\/www.plurinominal.com.mx\/?p=3101"},"modified":"2012-06-12T22:30:06","modified_gmt":"2012-06-13T03:30:06","slug":"aspirantes-a-senorita-cerritos-2012","status":"publish","type":"post","link":"https:\/\/www.plurinominal.com.mx\/?p=3101","title":{"rendered":"Aspirantes a Se\u00f1orita CERRITOS 2012"},"content":{"rendered":"<p>Ellas son Las aspirantes el t\u00edtulo de Se\u00f1orita Cerritos 2012. Hoy se realizaron las tomas para elegir al rostro fotog\u00e9nico.<\/p>\n<figure id=\"attachment_3102\" aria-describedby=\"caption-attachment-3102\" style=\"width: 300px\" class=\"wp-caption alignright\"><a href=\"https:\/\/www.plurinominal.com.mx\/wp-content\/uploads\/20120612_9999-copia-copia.jpg\"><img loading=\"lazy\" decoding=\"async\" class=\"size-medium wp-image-3102\" title=\"20120612_9999 copia copia\" src=\"https:\/\/www.plurinominal.com.mx\/wp-content\/uploads\/20120612_9999-copia-copia-300x199.jpg\" alt=\"\" width=\"300\" height=\"199\" srcset=\"https:\/\/www.plurinominal.com.mx\/wp-content\/uploads\/20120612_9999-copia-copia-300x199.jpg 300w, https:\/\/www.plurinominal.com.mx\/wp-content\/uploads\/20120612_9999-copia-copia.jpg 425w\" sizes=\"auto, (max-width: 300px) 100vw, 300px\" \/><\/a><figcaption id=\"caption-attachment-3102\" class=\"wp-caption-text\">Ellas son las aspirantes.<\/figcaption><\/figure>\n","protected":false},"excerpt":{"rendered":"<p>Ellas son Las aspirantes el t\u00edtulo de Se\u00f1orita Cerritos 2012. Hoy se realizaron las tomas para elegir al rostro fotog\u00e9nico.<\/p>\n","protected":false},"author":1,"featured_media":0,"comment_status":"closed","ping_status":"open","sticky":false,"template":"","format":"standard","meta":{"footnotes":""},"categories":[3],"tags":[],"class_list":["post-3101","post","type-post","status-publish","format-standard","hentry","category-cerritos","entry","simple"],"_links":{"self":[{"href":"https:\/\/www.plurinominal.com.mx\/index.php?rest_route=\/wp\/v2\/posts\/3101","targetHints":{"allow":["GET"]}}],"collection":[{"href":"https:\/\/www.plurinominal.com.mx\/index.php?rest_route=\/wp\/v2\/posts"}],"about":[{"href":"https:\/\/www.plurinominal.com.mx\/index.php?rest_route=\/wp\/v2\/types\/post"}],"author":[{"embeddable":true,"href":"https:\/\/www.plurinominal.com.mx\/index.php?rest_route=\/wp\/v2\/users\/1"}],"replies":[{"embeddable":true,"href":"https:\/\/www.plurinominal.com.mx\/index.php?rest_route=%2Fwp%2Fv2%2Fcomments&post=3101"}],"version-history":[{"count":0,"href":"https:\/\/www.plurinominal.com.mx\/index.php?rest_route=\/wp\/v2\/posts\/3101\/revisions"}],"wp:attachment":[{"href":"https:\/\/www.plurinominal.com.mx\/index.php?rest_route=%2Fwp%2Fv2%2Fmedia&parent=3101"}],"wp:term":[{"taxonomy":"category","embeddable":true,"href":"https:\/\/www.plurinominal.com.mx\/index.php?rest_route=%2Fwp%2Fv2%2Fcategories&post=3101"},{"taxonomy":"post_tag","embeddable":true,"href":"https:\/\/www.plurinominal.com.mx\/index.php?rest_route=%2Fwp%2Fv2%2Ftags&post=3101"}],"curies":[{"name":"wp","href":"https:\/\/api.w.org\/{rel}","templated":true}]}}