{"id":3113,"date":"2012-06-13T12:46:52","date_gmt":"2012-06-13T17:46:52","guid":{"rendered":"http:\/\/www.plurinominal.com.mx\/?p=3113"},"modified":"2012-06-13T12:46:52","modified_gmt":"2012-06-13T17:46:52","slug":"conocidos-de-intendente-lo-defienden","status":"publish","type":"post","link":"https:\/\/www.plurinominal.com.mx\/?p=3113","title":{"rendered":"Conocidos de intendente lo defienden"},"content":{"rendered":"<p>Responsables de abuso sexual contra ni\u00f1a pueden ser sus propios familiares<\/p>\n<p><em>Francisco V.-<\/em>Despu\u00e9s de conocer la denuncia por abuso sexual que pesa sobre intendente del jard\u00edn de ni\u00f1os de Ojo de Agua, compa\u00f1eros del acusado defienden su inocencia.<br \/>\nAseguran que conocen a esa persona desde hace mucho tiempo y no ha manifestado alguna desviaci\u00f3n sexual.<br \/>\nEl hombre \u201ces una persona \u00edntegra y con valores\u201d, y les sorprendi\u00f3 la denuncia en su contra.<br \/>\nAfirmaron, que el intendente es originario de la ciudad de San Luis Potos\u00ed.<br \/>\nLleg\u00f3 a la escuela \u00abRafael Nieto\u00bb de esta cabecera municipal. Luego fue enviado a Ojo de Agua.<br \/>\nLo se\u00f1alan como \u201cuna persona respetuosa\u201d.<br \/>\nReconocieron que el Agente del Ministerio P\u00fablico tiene que emprender una investigaci\u00f3n, pues se atrevieron a decir, que posiblemente los responsables del abuso pueden ser los mismos familiares de la menor. Indicaron que se debe interrogar al mismo padre y a un primo, que se march\u00f3 a la ciudad de Monterrey de manera apresurada, lo que despierta sospechas.<br \/>\nTambi\u00e9n defendieron la actitud de la directora de la instituci\u00f3n educativa, pues comentaron que \u00e9sta se trajo al intendente para salvaguardar su integridad f\u00edsica, ya que no sab\u00eda c\u00f3mo se iban a comportar los padres de la menor.<br \/>\nSe sabe que la ni\u00f1a explic\u00f3 a detalle algunos tocamientos que ocurrieron cuando estuvo a solas con un sujeto mayor.<\/p>\n<p>Crece la inconformidad<\/p>\n<p>La tarde del viernes las madres de familia del jard\u00edn de ni\u00f1os de Ojo de Agua amenazaban con no enviar a sus hijos a esa instituci\u00f3n, hasta que se conociera al responsable de haber realizado manoseos a una ni\u00f1a.<br \/>\nSe revelaron las intenciones de huelga contra el intendente de ese centro educativo.<br \/>\nTodo sucedi\u00f3 el pasado viernes 1 junio, cuando los padres de una menor acudieron ante la directora de la instituci\u00f3n para acusar al intendente de abuso sexual en contra de su menor hija.<br \/>\nNotaron que al ba\u00f1ar a la ni\u00f1a, \u00e9sta lloraba demasiado.<br \/>\nAl interrogarla relat\u00f3 que en el jard\u00edn de ni\u00f1os le hab\u00edan hecho algunos tocamientos y acus\u00f3 al intendente del jard\u00edn de ni\u00f1os, donde cursa su educaci\u00f3n preescolar.<br \/>\nEl caso lleg\u00f3 hasta el Ministerio P\u00fablico, debido a que los padres de familia no encontraron ning\u00fan apoyo en la Direcci\u00f3n, pues afirmaron que cuando llegaron a ese lugar a informar sobre lo sucedido, la directora tom\u00f3 otra actitud y procedi\u00f3 a marcharse junto con el intendente, por eso ahora la acusan de complicidad y amenazan con no llevar a sus hijos a clase.<br \/>\nLa ni\u00f1a dijo que todo hab\u00eda sucedido en el ba\u00f1o de la escuela, pero la indignaci\u00f3n ha crecido en contra de la directora porque ayud\u00f3 al escape del denunciado.<br \/>\nDesde que se dio a conocer el asunto, el intendente no ha regresado al plantel.<br \/>\nLos vecinos de Ojo de Agua relataron, que al parecer el abuso contra ni\u00f1os impera en su comunidad, pues afirmaron que tambi\u00e9n un Profesor de la escuela primaria de ese lugar y que radica en la cabecera municipal de Villa Ju\u00e1rez ha sido acusado de violaci\u00f3n, caso que tambi\u00e9n se encuentra ventilado en la Agencia del Ministerio P\u00fablico.<br \/>\nSe espera que los responsables sean castigados conforme a la ley.<\/p>\n","protected":false},"excerpt":{"rendered":"<p>Responsables de abuso sexual contra ni\u00f1a pueden ser sus propios familiares Francisco V.-Despu\u00e9s de conocer la denuncia por abuso sexual que pesa sobre intendente del jard\u00edn de ni\u00f1os de Ojo&#8230;<\/p>\n","protected":false},"author":1,"featured_media":0,"comment_status":"closed","ping_status":"open","sticky":false,"template":"","format":"standard","meta":{"footnotes":""},"categories":[3],"tags":[],"class_list":["post-3113","post","type-post","status-publish","format-standard","hentry","category-cerritos","entry","simple"],"_links":{"self":[{"href":"https:\/\/www.plurinominal.com.mx\/index.php?rest_route=\/wp\/v2\/posts\/3113","targetHints":{"allow":["GET"]}}],"collection":[{"href":"https:\/\/www.plurinominal.com.mx\/index.php?rest_route=\/wp\/v2\/posts"}],"about":[{"href":"https:\/\/www.plurinominal.com.mx\/index.php?rest_route=\/wp\/v2\/types\/post"}],"author":[{"embeddable":true,"href":"https:\/\/www.plurinominal.com.mx\/index.php?rest_route=\/wp\/v2\/users\/1"}],"replies":[{"embeddable":true,"href":"https:\/\/www.plurinominal.com.mx\/index.php?rest_route=%2Fwp%2Fv2%2Fcomments&post=3113"}],"version-history":[{"count":0,"href":"https:\/\/www.plurinominal.com.mx\/index.php?rest_route=\/wp\/v2\/posts\/3113\/revisions"}],"wp:attachment":[{"href":"https:\/\/www.plurinominal.com.mx\/index.php?rest_route=%2Fwp%2Fv2%2Fmedia&parent=3113"}],"wp:term":[{"taxonomy":"category","embeddable":true,"href":"https:\/\/www.plurinominal.com.mx\/index.php?rest_route=%2Fwp%2Fv2%2Fcategories&post=3113"},{"taxonomy":"post_tag","embeddable":true,"href":"https:\/\/www.plurinominal.com.mx\/index.php?rest_route=%2Fwp%2Fv2%2Ftags&post=3113"}],"curies":[{"name":"wp","href":"https:\/\/api.w.org\/{rel}","templated":true}]}}