{"id":3122,"date":"2012-06-14T00:36:01","date_gmt":"2012-06-14T05:36:01","guid":{"rendered":"http:\/\/www.plurinominal.com.mx\/?p=3122"},"modified":"2012-06-14T00:38:17","modified_gmt":"2012-06-14T05:38:17","slug":"video-causa-polemica-en-redes-sociales","status":"publish","type":"post","link":"https:\/\/www.plurinominal.com.mx\/?p=3122","title":{"rendered":"Video causa pol\u00e9mica en redes sociales"},"content":{"rendered":"<p>En las redes sociales, cerritenses comienzan a debatir sobre el contenido del video que TELEVISA NO QUIERE QUE VEAS.<\/p>\n<p>El video, que se proyect\u00f3 sobre los muros de Televis el 13 de junio, inicia cuestionando \u201c\u00bfqu\u00e9 se manipula detr\u00e1s de estas paredes?\u201d. Enseguida, muestra algunas im\u00e1genes de la matanza de estudiantes ocurrida el 2 de octubre de 1968, para despu\u00e9s, abordar el tipo de cobertura informativa que realiz\u00f3 la empresa perteneciente hoy en d\u00eda a Emilio Azc\u00e1rraga Jean, entre otros temas que eran desconocidos por j\u00f3venes de Cerritos.Las discusiones surgen entre personas que se aferran a ciertas ideas, contra otras que invitan a un rumbo distinto.<br \/>\nEste es el video:<br \/>\n<iframe loading=\"lazy\" width=\"420\" height=\"315\" src=\"http:\/\/www.youtube.com\/embed\/cQh4CmjLG10\" frameborder=\"0\" allowfullscreen><\/iframe><\/p>\n","protected":false},"excerpt":{"rendered":"<p>En las redes sociales, cerritenses comienzan a debatir sobre el contenido del video que TELEVISA NO QUIERE QUE VEAS. El video, que se proyect\u00f3 sobre los muros de Televis el&#8230;<\/p>\n","protected":false},"author":1,"featured_media":0,"comment_status":"closed","ping_status":"open","sticky":false,"template":"","format":"standard","meta":{"footnotes":""},"categories":[3],"tags":[],"class_list":["post-3122","post","type-post","status-publish","format-standard","hentry","category-cerritos","entry","simple"],"_links":{"self":[{"href":"https:\/\/www.plurinominal.com.mx\/index.php?rest_route=\/wp\/v2\/posts\/3122","targetHints":{"allow":["GET"]}}],"collection":[{"href":"https:\/\/www.plurinominal.com.mx\/index.php?rest_route=\/wp\/v2\/posts"}],"about":[{"href":"https:\/\/www.plurinominal.com.mx\/index.php?rest_route=\/wp\/v2\/types\/post"}],"author":[{"embeddable":true,"href":"https:\/\/www.plurinominal.com.mx\/index.php?rest_route=\/wp\/v2\/users\/1"}],"replies":[{"embeddable":true,"href":"https:\/\/www.plurinominal.com.mx\/index.php?rest_route=%2Fwp%2Fv2%2Fcomments&post=3122"}],"version-history":[{"count":0,"href":"https:\/\/www.plurinominal.com.mx\/index.php?rest_route=\/wp\/v2\/posts\/3122\/revisions"}],"wp:attachment":[{"href":"https:\/\/www.plurinominal.com.mx\/index.php?rest_route=%2Fwp%2Fv2%2Fmedia&parent=3122"}],"wp:term":[{"taxonomy":"category","embeddable":true,"href":"https:\/\/www.plurinominal.com.mx\/index.php?rest_route=%2Fwp%2Fv2%2Fcategories&post=3122"},{"taxonomy":"post_tag","embeddable":true,"href":"https:\/\/www.plurinominal.com.mx\/index.php?rest_route=%2Fwp%2Fv2%2Ftags&post=3122"}],"curies":[{"name":"wp","href":"https:\/\/api.w.org\/{rel}","templated":true}]}}