{"id":3129,"date":"2012-06-15T19:37:00","date_gmt":"2012-06-16T00:37:00","guid":{"rendered":"http:\/\/www.plurinominal.com.mx\/?p=3129"},"modified":"2012-06-15T19:42:12","modified_gmt":"2012-06-16T00:42:12","slug":"proyecto-cerritos-en-apoyo-de-quintero","status":"publish","type":"post","link":"https:\/\/www.plurinominal.com.mx\/?p=3129","title":{"rendered":"\u201cProyecto Cerritos\u201d en apoyo de Quintero"},"content":{"rendered":"<p>Jorge Quintero es bien recibido en los diversos barrios de la cabecera, donde explica su propuesta. \u201cProyecto Cerritos\u201d es el nombre que han adoptado los pri\u00edstas ante el grupo que se les ha sumado y que de acuerdo a sus versiones, \u201cda fuerza al movimiento rojo\u201d.<\/p>\n<p><strong>\u201cProyecto Cerritos\u201d en apoyo de Quintero<\/strong><\/p>\n<p><em>\u00a0<\/em><\/p>\n<figure id=\"attachment_3137\" aria-describedby=\"caption-attachment-3137\" style=\"width: 283px\" class=\"wp-caption alignright\"><a href=\"https:\/\/www.plurinominal.com.mx\/wp-content\/uploads\/16-moyo-copia.jpg\"><img loading=\"lazy\" decoding=\"async\" class=\"size-full wp-image-3137\" title=\"MOISES CHAVIRA\" src=\"https:\/\/www.plurinominal.com.mx\/wp-content\/uploads\/16-moyo-copia.jpg\" alt=\"\" width=\"283\" height=\"186\" \/><\/a><figcaption id=\"caption-attachment-3137\" class=\"wp-caption-text\">Mois\u00e9s Chavira, al micr\u00f3fono.<\/figcaption><\/figure>\n<p><em>Marco Serna.-<\/em> Proyecto Cerritos es el nombre que han adoptado los pri\u00edstas ante el grupo que se ha sumado y que de acuerdo a sus versiones, \u201cda fuerza al movimiento rojo\u201d.<br \/>\nSobre el pasado del Partido Revolucionario Institucional, en los eventos del tricolor quienes dirigen la ceremonia tratan de concientizar a los asistentes que \u201cya no tienen que estar con esas cargas\u201d.<br \/>\nEn el barrio de la Santa Cruz, entre los asistentes al evento del pasado fin de semana, un candidato a diputado expres\u00f3, que \u201cse trata de una nueva generaci\u00f3n de pri\u00edstas\u201d.<br \/>\nPor su parte, Moyo Chavira, se dice emocionado en los m\u00edtines en los que ha tomado el micr\u00f3fono.<br \/>\nReconoce que se encabeza un buen grupo\u2026 \u201cy amigas y amigos, estamos con Jorge Quintero hasta la victoria para lograr el progreso de Cerritos\u201d.<br \/>\nMoyito, dijo que Jorge Luis Quintero lleva una \u201ccampa\u00f1a de altura.<br \/>\n\u201cMe puse la roja porque vivo en un pa\u00eds de democracia, y porque el 7 de junio se celebr\u00f3 el D\u00eda de la libertad de expresi\u00f3n, por eso estoy aqu\u00ed con esa confianza y seguridad\u2026 porque tengo el apoyo digno y respetuoso del Profesor Jorge Quintero\u201d.<br \/>\nMois\u00e9s Chavira, ha pedido constantemente el voto a favor del Profesor en distintos eventos.<br \/>\nSobre sus expresiones, el candidato Guardiola respondi\u00f3 a Mois\u00e9s, que \u201cla democracia, permite enmendar el camino\u201d.<br \/>\n\u201cNo lo quise decir as\u00ed, pero esta es una buen decisi\u00f3n con una gran valent\u00eda como la han manifestado ellos\u201d, \u2014ejemplificando las expresiones de Jos\u00e9 Guti\u00e9rrez y Luc\u00eda Reyes\u2014.<br \/>\nEl candidato a una diputaci\u00f3n, record\u00f3 l\u00edderes nacionales de otros partidos que han dado su apoyo a favor del PRI, \u201cpero para completar el cuadro Vicente Fox dice que la mejor soluci\u00f3n para M\u00e9xico es Enrique Pe\u00f1a Nieto\u201d, lo que hizo que el p\u00fablico estallara en aplausos.<br \/>\n\u201cAqu\u00ed en Cerritos est\u00e1 sucediendo lo mismo, gente muy importante de otros partidos est\u00e1n viendo que el proyecto de Jorge es el mejor\u201d.<br \/>\nEl pri\u00edsta, aprovech\u00f3 para hacer promoci\u00f3n a su campa\u00f1a en el evento local.<\/p>\n","protected":false},"excerpt":{"rendered":"<p>Jorge Quintero es bien recibido en los diversos barrios de la cabecera, donde explica su propuesta. \u201cProyecto Cerritos\u201d es el nombre que han adoptado los pri\u00edstas ante el grupo que&#8230;<\/p>\n","protected":false},"author":1,"featured_media":3135,"comment_status":"closed","ping_status":"open","sticky":false,"template":"","format":"standard","meta":{"footnotes":""},"categories":[463],"tags":[],"class_list":["post-3129","post","type-post","status-publish","format-standard","has-post-thumbnail","hentry","category-politica","entry","simple"],"_links":{"self":[{"href":"https:\/\/www.plurinominal.com.mx\/index.php?rest_route=\/wp\/v2\/posts\/3129","targetHints":{"allow":["GET"]}}],"collection":[{"href":"https:\/\/www.plurinominal.com.mx\/index.php?rest_route=\/wp\/v2\/posts"}],"about":[{"href":"https:\/\/www.plurinominal.com.mx\/index.php?rest_route=\/wp\/v2\/types\/post"}],"author":[{"embeddable":true,"href":"https:\/\/www.plurinominal.com.mx\/index.php?rest_route=\/wp\/v2\/users\/1"}],"replies":[{"embeddable":true,"href":"https:\/\/www.plurinominal.com.mx\/index.php?rest_route=%2Fwp%2Fv2%2Fcomments&post=3129"}],"version-history":[{"count":0,"href":"https:\/\/www.plurinominal.com.mx\/index.php?rest_route=\/wp\/v2\/posts\/3129\/revisions"}],"wp:featuredmedia":[{"embeddable":true,"href":"https:\/\/www.plurinominal.com.mx\/index.php?rest_route=\/wp\/v2\/media\/3135"}],"wp:attachment":[{"href":"https:\/\/www.plurinominal.com.mx\/index.php?rest_route=%2Fwp%2Fv2%2Fmedia&parent=3129"}],"wp:term":[{"taxonomy":"category","embeddable":true,"href":"https:\/\/www.plurinominal.com.mx\/index.php?rest_route=%2Fwp%2Fv2%2Fcategories&post=3129"},{"taxonomy":"post_tag","embeddable":true,"href":"https:\/\/www.plurinominal.com.mx\/index.php?rest_route=%2Fwp%2Fv2%2Ftags&post=3129"}],"curies":[{"name":"wp","href":"https:\/\/api.w.org\/{rel}","templated":true}]}}