{"id":3161,"date":"2012-06-11T02:19:37","date_gmt":"2012-06-11T07:19:37","guid":{"rendered":"http:\/\/www.plurinominal.com.mx\/?p=3161"},"modified":"2012-06-16T02:23:57","modified_gmt":"2012-06-16T07:23:57","slug":"jose-gtz-renuncio-al-pan-porque-se-burlaron-de-el","status":"publish","type":"post","link":"https:\/\/www.plurinominal.com.mx\/?p=3161","title":{"rendered":"Jos\u00e9 Gtz. renunci\u00f3 al PAN porque se burlaron de \u00e9l"},"content":{"rendered":"<p><figure id=\"attachment_3163\" aria-describedby=\"caption-attachment-3163\" style=\"width: 198px\" class=\"wp-caption alignright\"><a href=\"https:\/\/www.plurinominal.com.mx\/wp-content\/uploads\/Jos\u00e9-Guti\u00e9rrez.jpg\"><img loading=\"lazy\" decoding=\"async\" src=\"https:\/\/www.plurinominal.com.mx\/wp-content\/uploads\/Jos\u00e9-Guti\u00e9rrez.jpg\" alt=\"\" title=\"Jos\u00e9 Guti\u00e9rrez\" width=\"198\" height=\"231\" class=\"size-full wp-image-3163\" \/><\/a><figcaption id=\"caption-attachment-3163\" class=\"wp-caption-text\">Jos\u00e9 Guti\u00e9rrez, regres\u00f3 de nuevo al PRI porque asegura que se burlaron de sus propuestas.<\/figcaption><\/figure>Marco Serna.- Al bajar del escenario pri\u00edsta, este s\u00e1bado Jos\u00e9 Guti\u00e9rrez Az\u00faa, en entrevista para Plurinominal reconoci\u00f3 que \u201cla pol\u00edtica son intereses\u201d y que si renunci\u00f3 al PAN para de nuevo regresar al PRI, fue porque se burlaron de \u00e9l.<br \/>\nLuego de hab\u00e9rsele observado ponerse una playera roja, sobre su camisa azul, a la vista del p\u00fablico presente en el mitin pri\u00edsta del barrio de la Santa Cruz, Guti\u00e9rrez Az\u00faa asegur\u00f3 que hab\u00eda dejado de pertenecer al PAN de manera definitiva.<br \/>\n\u201cNos van a correr, aunque 20 d\u00edas antes de salirme ya nos estaba corriendo\u201d.<br \/>\nExplic\u00f3 que no influy\u00f3 en las decisiones tomadas primeramente por quienes han adoptado una actitud similar, en este caso Gregorio Carbajal, Luc\u00eda Reyes, Mois\u00e9s Chavira, Mario Ruiz, David Mac\u00edas, Wulfrano Flores, entre otros, sin embargo ya conoc\u00eda sobre la expulsi\u00f3n que sobre \u00e9l tomar\u00edan los del CDM del PAN.<br \/>\n\u201cCuando me avisaron, yo dije bueno, pues que se haga verdad, entonces que truene el cuete de una vez, si me van a correr a m\u00ed, yo me voy a llevar 20, la maestra Luc\u00eda otros 20, Mario Ruiz otros 20\u201d.<br \/>\nEl ex candidato panista, reconoci\u00f3 la ausencia de acuerdos entre el grupo de Carbajal y del actual candidato blanquiazul para evitar el desv\u00edo de personal.<br \/>\n\u201cEra necesario hablar con Goyo, tr\u00e1ete cinco tuyos, vamos a negociar y vamos a hacer un acuerdo, pero se burlaron\u2026 se rieron. Ese fue el problema, nos doli\u00f3 m\u00e1s la burla que los votos que nos ganaron y no se trata de eso\u201d.<br \/>\nJos\u00e9 Guti\u00e9rrez, afirm\u00f3 que al lado de Jorge Quintero, se encontr\u00f3 con grandes amigos y dijo que por primera vez hac\u00eda acto de presencia en un mitin pri\u00edsta.<br \/>\nEl Profe Jos\u00e9, revel\u00f3 que ya hab\u00eda entablado di\u00e1logos con el candidato del PRI, d\u00f3nde le solicit\u00f3 que \u201cno se distinguieran colores\u201d y se \u201cgobernara para todos, haciendo a un lado el revanchismo, e informando a la gente de lo que sucede al interior de presidencia\u201d.<\/p>\n","protected":false},"excerpt":{"rendered":"<p>Marco Serna.- Al bajar del escenario pri\u00edsta, este s\u00e1bado Jos\u00e9 Guti\u00e9rrez Az\u00faa, en entrevista para Plurinominal reconoci\u00f3 que \u201cla pol\u00edtica son intereses\u201d y que si renunci\u00f3 al PAN para de&#8230;<\/p>\n","protected":false},"author":1,"featured_media":0,"comment_status":"closed","ping_status":"open","sticky":false,"template":"","format":"standard","meta":{"footnotes":""},"categories":[463],"tags":[],"class_list":["post-3161","post","type-post","status-publish","format-standard","hentry","category-politica","entry","simple"],"_links":{"self":[{"href":"https:\/\/www.plurinominal.com.mx\/index.php?rest_route=\/wp\/v2\/posts\/3161","targetHints":{"allow":["GET"]}}],"collection":[{"href":"https:\/\/www.plurinominal.com.mx\/index.php?rest_route=\/wp\/v2\/posts"}],"about":[{"href":"https:\/\/www.plurinominal.com.mx\/index.php?rest_route=\/wp\/v2\/types\/post"}],"author":[{"embeddable":true,"href":"https:\/\/www.plurinominal.com.mx\/index.php?rest_route=\/wp\/v2\/users\/1"}],"replies":[{"embeddable":true,"href":"https:\/\/www.plurinominal.com.mx\/index.php?rest_route=%2Fwp%2Fv2%2Fcomments&post=3161"}],"version-history":[{"count":0,"href":"https:\/\/www.plurinominal.com.mx\/index.php?rest_route=\/wp\/v2\/posts\/3161\/revisions"}],"wp:attachment":[{"href":"https:\/\/www.plurinominal.com.mx\/index.php?rest_route=%2Fwp%2Fv2%2Fmedia&parent=3161"}],"wp:term":[{"taxonomy":"category","embeddable":true,"href":"https:\/\/www.plurinominal.com.mx\/index.php?rest_route=%2Fwp%2Fv2%2Fcategories&post=3161"},{"taxonomy":"post_tag","embeddable":true,"href":"https:\/\/www.plurinominal.com.mx\/index.php?rest_route=%2Fwp%2Fv2%2Ftags&post=3161"}],"curies":[{"name":"wp","href":"https:\/\/api.w.org\/{rel}","templated":true}]}}