{"id":318,"date":"2011-11-09T16:15:27","date_gmt":"2011-11-09T22:15:27","guid":{"rendered":"http:\/\/www.plurinominal.com.mx\/?p=318"},"modified":"2011-11-10T16:17:38","modified_gmt":"2011-11-10T22:17:38","slug":"318","status":"publish","type":"post","link":"https:\/\/www.plurinominal.com.mx\/?p=318","title":{"rendered":"Cerriles 392"},"content":{"rendered":"<p>A tomar en cuenta la vida pasada de los pre candidatos panistas, para que la ciudadan\u00eda en general comience a cuestionar qu\u00e9 es lo que a la medida de sus posibilidades han hecho por Cerritos. Palabras de Julio Reyes que son un duro golpe para quienes hasta ahora eran los protagonistas principales de la siguiente contienda interna de Acci\u00f3n Nacional.<\/p>\n<p>Goyo Carbajal ha ganado fama porque supuestamente dar\u00e1 prioridad al campo, mientras que a Narv\u00e1ez se le ha visto m\u00e1s de cerca junto a poderosos comerciantes.<br \/>\nAhora, a Julio Torres se le ha sumado Tom\u00e1s de Le\u00f3n y aunque han comenzado a realizar labores a favor de la comunidad deportiva, es ante los miembros activos donde debe enfocar acciones.<br \/>\nResulta interesante el proyecto del amaranto, con el cual el nombre de Cerritos resuena a nivel internacional.<br \/>\nDetr\u00e1s de Reyes, existe todo un grupo de personas que m\u00e1s que nadie saben la manera de trabajar de este individuo que hasta hace poco pasaba desapercibido en las esferas de la pol\u00edtica municipal.<\/p>\n<p>De entrada, Julio Reyes parece tranquilo, y posee el suficiente sustento econ\u00f3mico para sacar adelante una campa\u00f1a pol\u00edtica sin amarrarse con nadie, lo que ya ha sucedido con algunos que aceptaron \u201cimpulsos\u201d derivados de c\u00edrculos que dominan la comunidad, por ello, no est\u00e1 de m\u00e1s acercarse con \u201cel empresario del amaranto\u201d para saber m\u00e1s acerca de sus propuestas.<\/p>\n<p>Buena la donaci\u00f3n que hizo Reyes a la comunidad \u201cfutbolera\u201d. Se indica que el Presidente de la Liga Tom\u00e1s de Le\u00f3n le expuso algunas carencias.<br \/>\nSin embargo las cr\u00edticas no se hicieron esperar.<br \/>\nA Plurinominal se asegur\u00f3 que hace tiempo la Liga, \u2014a trav\u00e9s de su Presidente Tom\u00e1s de Le\u00f3n Hern\u00e1ndez\u2014 rehabilit\u00f3 la cancha de \u00abLa Gallera\u00bb, pero ALUTOM cobr\u00f3 los viajes que hizo con veh\u00edculo propio, \u201ccomo si fueran de cami\u00f3n\u00bb. Esperan que esto no  ocurra de nuevo.<\/p>\n<p>En el PRI esperan la visita del dirigente Estatal del Partido, Fernando P\u00e9rez Espinoza, mejor conocido como El Calolo.<br \/>\n\u00c9l m\u00e1s que nadie sabe que las cosas no est\u00e1n muy bien y en esa reuni\u00f3n donde se tomar\u00e1 protesta a la nueva dirigencia s\u00f3lo habr\u00e1 de dos. Que se limen asperezas o que de plano la situaci\u00f3n se agrave.<br \/>\nAtentos estaremos a ver si el L\u00edder de Democracia Social acude, puesto que al acto que el mismo convocara, donde esperaba verse entre las primeras filas a Rodolfo Gallegos y Chayo Torres, \u00e9stos no llegaron.<br \/>\nHasta ahora Plurinominal desconoce el motivo de la ausencia, pero todos suponen que \u201cten\u00edan demasiada carga de trabajo\u201d, pues en el PRI muchos presumen de \u201cunidad\u201d.<\/p>\n<p>Luego del \u201cHomenaje a Rafael Nieto Compe\u00e1n\u201d, d\u00f3nde se notaron distinguidos personajes de toda corriente pol\u00edtica, el representante de la organizaci\u00f3n que pertenece al PRI cuyo nombre es Democracia Social enfatiz\u00f3 a trav\u00e9s de su red en la conferencia llevada a cabo en la Secundaria \u201cManuel Jos\u00e9 Oth\u00f3n\u201d, con el Dr. en educaci\u00f3n Jos\u00e9 Eduardo Hern\u00e1ndez M. quien se enfoc\u00f3 en el tema \u201cHabilidades Docentes\u201d, dentro del marco de las acciones emprendidas por la Organizaci\u00f3n que dirige Pablo S\u00e1nchez.<\/p>\n<p>Facebook parece ser la red social m\u00e1s popular no s\u00f3lo entre los pre candidatos, sino de los cerritenses y villajuarenses \u2014en Guadalc\u00e1zar es dif\u00edcil acceder a internet y no hay se\u00f1al para celulares\u2014. Hasta hoy no se tiene conocimiento sobre si alguno de los aspirantes utiliza Twitter.<br \/>\nY es que all\u00ed no existe la opci\u00f3n de cargar fotos ni videos directamente. Todo se resume a enlaces y textos de 140 caracteres.<br \/>\nCreemos que podr\u00eda parecerles aburrida esta red, porque no quisi\u00e9ramos inclinarnos a que a ninguno le gusta leer.<\/p>\n<p>Twitter es una herramienta desconocida para los pre candidatos. No cabe duda. Pero como ejemplo de su poder recordemos lo sucedido en Egipto. A partir de all\u00ed en todo el mundo se espera un aumento de los controles que los gobiernos ejercen para tratar de supervisar la enorme capacidad de Twitter no s\u00f3lo como fuente de informaci\u00f3n en tiempo real sino como herramienta al servicio de la comunidad desde la que es posible llamar a la movilizaci\u00f3n.<br \/>\nPor si fuera poco, muchas de las opciones de esta red \u201clas copi\u00f3 el feis\u201d.<\/p>\n<p>Por ahora nos conformamos con las fotos familiares o realizando labores altruistas y uno que otro video en Facebook de los aspirantes.<br \/>\nAun as\u00ed, a todos les deseamos la mejor de las suertes, pues \u201cla lucha le hacen\u201d.<\/p>\n<p>En Villa Ju\u00e1rez ya inici\u00f3 la feria regional con la presentaci\u00f3n de las candidatas a Reina, pero las actividades formales empiezan a partir del 12, igual que en Rioverde. Ese d\u00eda no debemos olvidar a nuestros carteros.<br \/>\nSer\u00e1 el 14 de Noviembre cuando en la Villa se lleve a cabo el certamen de belleza, que no deja de ser pol\u00e9mico al igual que en Cerritos.<\/p>\n<p>Nosotros regresamos hasta el domingo&#8230;<\/p>\n","protected":false},"excerpt":{"rendered":"<p>A tomar en cuenta la vida pasada de los pre candidatos panistas, para que la ciudadan\u00eda en general comience a cuestionar qu\u00e9 es lo que a la medida de sus&#8230;<\/p>\n","protected":false},"author":1,"featured_media":0,"comment_status":"closed","ping_status":"open","sticky":false,"template":"","format":"standard","meta":{"footnotes":""},"categories":[1],"tags":[],"class_list":["post-318","post","type-post","status-publish","format-standard","hentry","category-cerriles","entry","simple"],"_links":{"self":[{"href":"https:\/\/www.plurinominal.com.mx\/index.php?rest_route=\/wp\/v2\/posts\/318","targetHints":{"allow":["GET"]}}],"collection":[{"href":"https:\/\/www.plurinominal.com.mx\/index.php?rest_route=\/wp\/v2\/posts"}],"about":[{"href":"https:\/\/www.plurinominal.com.mx\/index.php?rest_route=\/wp\/v2\/types\/post"}],"author":[{"embeddable":true,"href":"https:\/\/www.plurinominal.com.mx\/index.php?rest_route=\/wp\/v2\/users\/1"}],"replies":[{"embeddable":true,"href":"https:\/\/www.plurinominal.com.mx\/index.php?rest_route=%2Fwp%2Fv2%2Fcomments&post=318"}],"version-history":[{"count":0,"href":"https:\/\/www.plurinominal.com.mx\/index.php?rest_route=\/wp\/v2\/posts\/318\/revisions"}],"wp:attachment":[{"href":"https:\/\/www.plurinominal.com.mx\/index.php?rest_route=%2Fwp%2Fv2%2Fmedia&parent=318"}],"wp:term":[{"taxonomy":"category","embeddable":true,"href":"https:\/\/www.plurinominal.com.mx\/index.php?rest_route=%2Fwp%2Fv2%2Fcategories&post=318"},{"taxonomy":"post_tag","embeddable":true,"href":"https:\/\/www.plurinominal.com.mx\/index.php?rest_route=%2Fwp%2Fv2%2Ftags&post=318"}],"curies":[{"name":"wp","href":"https:\/\/api.w.org\/{rel}","templated":true}]}}