{"id":3182,"date":"2012-06-19T18:29:58","date_gmt":"2012-06-19T23:29:58","guid":{"rendered":"http:\/\/www.plurinominal.com.mx\/?p=3182"},"modified":"2012-06-19T18:29:58","modified_gmt":"2012-06-19T23:29:58","slug":"vehiculos-tapizaron-calles-con-caravana-tricolor","status":"publish","type":"post","link":"https:\/\/www.plurinominal.com.mx\/?p=3182","title":{"rendered":"Veh\u00edculos tapizaron calles con caravana tricolor"},"content":{"rendered":"<p><em>Marco Serna.- <\/em>En apoyo al candidato pri\u00edsta, Jorge Luis Quintero Lu\u00e9vano, este domingo se efectu\u00f3 una caravana de veh\u00edculos que \u201ctapizaron\u201d las calles del municipio.<br \/>\nFue en diferentes puntos que se not\u00f3 el apoyo al Maestro, con veh\u00edculos de distintas marcas, modelos y capacidades.<br \/>\nSobre la calle Allende con Jes\u00fas Carranza, Plurinominal fue testigo a las 11:53 AM, del desfile que dur\u00f3 casi un cuarto de hora en pasar por esta intersecci\u00f3n.<br \/>\nCarros y camionetas, trasladaban a simpatizantes de Quintero, que respondieron al llamado tal como lo han hecho a diversos eventos entre los que destacan una cena baile, un jaripeo y un rodeo en conocido local de la calle Mina.<br \/>\nNo se puede dar una cifra exacta de los participantes, pero seg\u00fan los pri\u00edstas se menciona que \u201ciba mucha gente\u201d.<br \/>\nSpots, canciones, sonido del claxon de ferrocarril, porras, motores rugientes, gritos de infantes y adultos, y saludos a los testigos de la caravana, indicaban una fiesta del tricolor porque se respondi\u00f3 al llamado del pri\u00edsmo.<br \/>\nAlgunos portaron en sus coches im\u00e1genes de candidatos a diputados locales, federales y senadores. Tampoco pudo faltar la imagen del aspirante a la rep\u00fablica del tricolor.<br \/>\nCon Quintero en la delantera, los veh\u00edculos se enfilaron hacia el centro, para luego pasar por las principales calles, causando asombro y desesperaci\u00f3n entre quienes quisieron atravesar la caravana. Algunos utilizaron v\u00edas alternas para evadir el congestionamiento de carros.<br \/>\nEn la esquina de Morelos y Jes\u00fas Carranza, se observ\u00f3 a algunas se\u00f1oras que sacaron banderas rojas, indicando solidaridad con ese partido, luego del retorno de la caravana con direcci\u00f3n a la capilla de la Santa Cruz.<br \/>\nFaltan menos de 15 d\u00edas para que se realicen las elecciones y los partidos est\u00e1n por terminar sus acciones.<\/p>\n","protected":false},"excerpt":{"rendered":"<p>Marco Serna.- En apoyo al candidato pri\u00edsta, Jorge Luis Quintero Lu\u00e9vano, este domingo se efectu\u00f3 una caravana de veh\u00edculos que \u201ctapizaron\u201d las calles del municipio. Fue en diferentes puntos que&#8230;<\/p>\n","protected":false},"author":1,"featured_media":3183,"comment_status":"closed","ping_status":"open","sticky":false,"template":"","format":"standard","meta":{"footnotes":""},"categories":[463],"tags":[],"class_list":["post-3182","post","type-post","status-publish","format-standard","has-post-thumbnail","hentry","category-politica","entry","simple"],"_links":{"self":[{"href":"https:\/\/www.plurinominal.com.mx\/index.php?rest_route=\/wp\/v2\/posts\/3182","targetHints":{"allow":["GET"]}}],"collection":[{"href":"https:\/\/www.plurinominal.com.mx\/index.php?rest_route=\/wp\/v2\/posts"}],"about":[{"href":"https:\/\/www.plurinominal.com.mx\/index.php?rest_route=\/wp\/v2\/types\/post"}],"author":[{"embeddable":true,"href":"https:\/\/www.plurinominal.com.mx\/index.php?rest_route=\/wp\/v2\/users\/1"}],"replies":[{"embeddable":true,"href":"https:\/\/www.plurinominal.com.mx\/index.php?rest_route=%2Fwp%2Fv2%2Fcomments&post=3182"}],"version-history":[{"count":0,"href":"https:\/\/www.plurinominal.com.mx\/index.php?rest_route=\/wp\/v2\/posts\/3182\/revisions"}],"wp:featuredmedia":[{"embeddable":true,"href":"https:\/\/www.plurinominal.com.mx\/index.php?rest_route=\/wp\/v2\/media\/3183"}],"wp:attachment":[{"href":"https:\/\/www.plurinominal.com.mx\/index.php?rest_route=%2Fwp%2Fv2%2Fmedia&parent=3182"}],"wp:term":[{"taxonomy":"category","embeddable":true,"href":"https:\/\/www.plurinominal.com.mx\/index.php?rest_route=%2Fwp%2Fv2%2Fcategories&post=3182"},{"taxonomy":"post_tag","embeddable":true,"href":"https:\/\/www.plurinominal.com.mx\/index.php?rest_route=%2Fwp%2Fv2%2Ftags&post=3182"}],"curies":[{"name":"wp","href":"https:\/\/api.w.org\/{rel}","templated":true}]}}