{"id":3185,"date":"2012-06-19T18:31:25","date_gmt":"2012-06-19T23:31:25","guid":{"rendered":"http:\/\/www.plurinominal.com.mx\/?p=3185"},"modified":"2012-06-19T18:31:25","modified_gmt":"2012-06-19T23:31:25","slug":"cerritenses-acudieron-al-llamado-de-josefina-vazquez-mota","status":"publish","type":"post","link":"https:\/\/www.plurinominal.com.mx\/?p=3185","title":{"rendered":"Cerritenses acudieron al llamado de Josefina V\u00e1zquez Mota"},"content":{"rendered":"<p>Rom\u00e1n G.- El Comit\u00e9 Directivo Municipal del PAN, invit\u00f3 a la capital potosina con motivo de la visita de la candidata a la Presidencia de la Rep\u00fablica, Josefina V\u00e1zquez Mota.<br \/>\nEste mi\u00e9rcoles, cerritenses acudieron al llamado encabezados por la dirigencia del partido, as\u00ed como del candidato Arturo Narv\u00e1ez Banda.<br \/>\nEl Abogado, sobre el evento dijo, \u201cla finalidad de Josefina es dar m\u00e1s libertad de manejo de recursos para los municipios, que el dinero no suba a la federaci\u00f3n, si no que el control lo realice el municipio, obviamente con la responsabilidad que conlleva el manejo del recurso\u201d.<br \/>\nEn cuanto al paso por este lugar de la candidata, Narv\u00e1ez explic\u00f3 que \u201cse tuvo un acercamiento con Josefina, ya que antes de su visita al estado de San Luis Potos\u00ed, se presentar\u00eda en algunos lugares de la Zona Media, entonces se le hubiera podido recibir cerca de la caseta de cobro. Lamentablemente por el cambio de agenda derivado del segundo debate solamente se logr\u00f3 la visita a la capital. Si llegara a visitar Rioverde y la agenda se mantuviera de all\u00ed a Matehuala, habr\u00eda posibilidad de que pudiera pasar por Cerritos\u201d.<br \/>\nArturo Narv\u00e1ez record\u00f3 que estamos a menos de 15 d\u00edas del cierre de campa\u00f1a, por lo que se espera que visite puntos estrat\u00e9gicos de toda la rep\u00fablica, haciendo un tanto distante esta visita.<br \/>\nCon la ayuda de 5 camiones y veh\u00edculos, cerritenses acompa\u00f1aron el mitin de la candidata panista en la Plaza del Carmen de San Luis Potos\u00ed.<\/p>\n","protected":false},"excerpt":{"rendered":"<p>Rom\u00e1n G.- El Comit\u00e9 Directivo Municipal del PAN, invit\u00f3 a la capital potosina con motivo de la visita de la candidata a la Presidencia de la Rep\u00fablica, Josefina V\u00e1zquez Mota.&#8230;<\/p>\n","protected":false},"author":1,"featured_media":3186,"comment_status":"closed","ping_status":"open","sticky":false,"template":"","format":"standard","meta":{"footnotes":""},"categories":[463],"tags":[],"class_list":["post-3185","post","type-post","status-publish","format-standard","has-post-thumbnail","hentry","category-politica","entry","simple"],"_links":{"self":[{"href":"https:\/\/www.plurinominal.com.mx\/index.php?rest_route=\/wp\/v2\/posts\/3185","targetHints":{"allow":["GET"]}}],"collection":[{"href":"https:\/\/www.plurinominal.com.mx\/index.php?rest_route=\/wp\/v2\/posts"}],"about":[{"href":"https:\/\/www.plurinominal.com.mx\/index.php?rest_route=\/wp\/v2\/types\/post"}],"author":[{"embeddable":true,"href":"https:\/\/www.plurinominal.com.mx\/index.php?rest_route=\/wp\/v2\/users\/1"}],"replies":[{"embeddable":true,"href":"https:\/\/www.plurinominal.com.mx\/index.php?rest_route=%2Fwp%2Fv2%2Fcomments&post=3185"}],"version-history":[{"count":0,"href":"https:\/\/www.plurinominal.com.mx\/index.php?rest_route=\/wp\/v2\/posts\/3185\/revisions"}],"wp:featuredmedia":[{"embeddable":true,"href":"https:\/\/www.plurinominal.com.mx\/index.php?rest_route=\/wp\/v2\/media\/3186"}],"wp:attachment":[{"href":"https:\/\/www.plurinominal.com.mx\/index.php?rest_route=%2Fwp%2Fv2%2Fmedia&parent=3185"}],"wp:term":[{"taxonomy":"category","embeddable":true,"href":"https:\/\/www.plurinominal.com.mx\/index.php?rest_route=%2Fwp%2Fv2%2Fcategories&post=3185"},{"taxonomy":"post_tag","embeddable":true,"href":"https:\/\/www.plurinominal.com.mx\/index.php?rest_route=%2Fwp%2Fv2%2Ftags&post=3185"}],"curies":[{"name":"wp","href":"https:\/\/api.w.org\/{rel}","templated":true}]}}