{"id":3199,"date":"2012-06-19T22:24:56","date_gmt":"2012-06-20T03:24:56","guid":{"rendered":"http:\/\/www.plurinominal.com.mx\/?p=3199"},"modified":"2012-06-19T22:24:56","modified_gmt":"2012-06-20T03:24:56","slug":"directora-amenazo-a-madres-de-familia-porque-exigieron-explicacion-sobre-abuso-sexual","status":"publish","type":"post","link":"https:\/\/www.plurinominal.com.mx\/?p=3199","title":{"rendered":"Directora amenaz\u00f3 a madres de familia porque exigieron explicaci\u00f3n sobre abuso sexual"},"content":{"rendered":"<ul>\n<li>De lo contrario no enviar\u00edan a sus hijos al jard\u00edn de ni\u00f1os<\/li>\n<li>Entonces la Maestra no les entregar\u00eda la documentaci\u00f3n \u201cporque la escuela cerrar\u00eda\u201d<\/li>\n<li>Se acusa al intendente de haber realizado los tocamientos en perjuicio de una ni\u00f1a<\/li>\n<\/ul>\n<p><em>Francisco V. y equipo de redacci\u00f3n.<\/em>&#8211; Madres de familia del Jard\u00edn de Ni\u00f1os de Ojo de Agua, \u2014que solicitaron guard\u00e1ramos sus nombres en el anonimato debido a que temen represalias por parte de la directora de esa instituci\u00f3n educativa\u2014 dijeron que la directora les ha amenazado con \u201cno entregarles documentos\u201d o \u201ccerrar la escuela\u201d.<br \/>\nLa amenaza se origin\u00f3 luego de que solicitaron una explicaci\u00f3n sobre las acusaciones que pesan sobre un intendente que presuntamente realiz\u00f3 tocamientos a una ni\u00f1a. \u00c9ste se dio a la fuga del lugar para evadir a la autoridad.<br \/>\nLos padres de familia de la ni\u00f1a, aseguran que la peque\u00f1a fue atacada sexualmente en el interior de esa instituci\u00f3n por el sujeto, en los ba\u00f1os del jard\u00edn de ni\u00f1os.<br \/>\nPor lo delicado del caso, algunas madres de familia estaban dispuestas a no enviar a sus hijos al Jard\u00edn de Ni\u00f1os, si no se daba una explicaci\u00f3n al respecto.<br \/>\nEntonces, la directora les manifest\u00f3 que no les entregar\u00eda los documentos, pues la escuela corr\u00eda el riesgo de cerrarse. \u00bfEso quieren? fue uno de los cuestionamientos que las hicieron recular.<br \/>\nSe inform\u00f3 a Plurinominal que las madres de familia, est\u00e1n dispuestas a llegar hasta sus \u00faltimas consecuencias, tratando de que se aclare la situaci\u00f3n denunciada.<br \/>\nArgumentan que ninguno de sus hijos tiene seguridad en el interior de ese recinto educativo, del que la principal responsable debe de ser la directora ya que todo lo que suceda en el interior del jard\u00edn de ni\u00f1os es su responsabilidad como primera autoridad.<br \/>\nSobre el intendente, desde el d\u00eda que se denunciaron los hechos en la propia direcci\u00f3n, \u00e9ste no se ha presentado a laborar, aunque algunas madres de familia dijeron que lo han visto en esta cabecera municipal.<br \/>\nPor su parte, los padres de la menor afectada han encontrado dificultad para que su denuncia sea atendida en forma urgente, ya que les pidieron el nombre del intendente y su domicilio, cuyos generales no quieren ser proporcionados por la directiva del kinder.<br \/>\nExigen a trav\u00e9s de este medio, que las autoridades llamen a declarar a la misma directora para que se d\u00e9 el curso necesario a la indagatoria.<br \/>\nLos ofendidos, indicaron que acudir\u00e1n a la Procuradur\u00eda de la Defensa del Menor y Violencia Intrafamiliar en la ciudad de San Luis Potos\u00ed.<br \/>\nLos padres de la menor y sus familiares lo \u00fanico que buscan es que el delito cometido en contra de la ni\u00f1ita no quede impune y se castigue al responsable.<\/p>\n","protected":false},"excerpt":{"rendered":"<p>De lo contrario no enviar\u00edan a sus hijos al jard\u00edn de ni\u00f1os Entonces la Maestra no les entregar\u00eda la documentaci\u00f3n \u201cporque la escuela cerrar\u00eda\u201d Se acusa al intendente de haber&#8230;<\/p>\n","protected":false},"author":1,"featured_media":0,"comment_status":"closed","ping_status":"open","sticky":false,"template":"","format":"standard","meta":{"footnotes":""},"categories":[3],"tags":[],"class_list":["post-3199","post","type-post","status-publish","format-standard","hentry","category-cerritos","entry","simple"],"_links":{"self":[{"href":"https:\/\/www.plurinominal.com.mx\/index.php?rest_route=\/wp\/v2\/posts\/3199","targetHints":{"allow":["GET"]}}],"collection":[{"href":"https:\/\/www.plurinominal.com.mx\/index.php?rest_route=\/wp\/v2\/posts"}],"about":[{"href":"https:\/\/www.plurinominal.com.mx\/index.php?rest_route=\/wp\/v2\/types\/post"}],"author":[{"embeddable":true,"href":"https:\/\/www.plurinominal.com.mx\/index.php?rest_route=\/wp\/v2\/users\/1"}],"replies":[{"embeddable":true,"href":"https:\/\/www.plurinominal.com.mx\/index.php?rest_route=%2Fwp%2Fv2%2Fcomments&post=3199"}],"version-history":[{"count":0,"href":"https:\/\/www.plurinominal.com.mx\/index.php?rest_route=\/wp\/v2\/posts\/3199\/revisions"}],"wp:attachment":[{"href":"https:\/\/www.plurinominal.com.mx\/index.php?rest_route=%2Fwp%2Fv2%2Fmedia&parent=3199"}],"wp:term":[{"taxonomy":"category","embeddable":true,"href":"https:\/\/www.plurinominal.com.mx\/index.php?rest_route=%2Fwp%2Fv2%2Fcategories&post=3199"},{"taxonomy":"post_tag","embeddable":true,"href":"https:\/\/www.plurinominal.com.mx\/index.php?rest_route=%2Fwp%2Fv2%2Ftags&post=3199"}],"curies":[{"name":"wp","href":"https:\/\/api.w.org\/{rel}","templated":true}]}}