{"id":3209,"date":"2012-06-18T02:14:05","date_gmt":"2012-06-18T07:14:05","guid":{"rendered":"http:\/\/www.plurinominal.com.mx\/?p=3209"},"modified":"2012-06-21T02:14:28","modified_gmt":"2012-06-21T07:14:28","slug":"nina-andaba-perdida-en-la-ferece","status":"publish","type":"post","link":"https:\/\/www.plurinominal.com.mx\/?p=3209","title":{"rendered":"Ni\u00f1a andaba perdida en la FERECE"},"content":{"rendered":"<p><em>Redacci\u00f3n.-<\/em> Una ni\u00f1a andaba \u201cperdida\u201d en la FERECE, por ello polic\u00edas municipales le brindaron apoyo.<br \/>\nLa madrugada del s\u00e1bado, se conoci\u00f3 sobre el asunto que perjudicaba a la menor de 11 a\u00f1os que dijo llamarse \u201cXimena Estrada Contreras\u201d.<br \/>\nSe supo que la ni\u00f1a tiene su domicilio en Privada de Carrera Torres n\u00famero 1.<br \/>\nAl principio polic\u00edas se enfocaron en encontrar a sus padres, pero la b\u00fasqueda no rindi\u00f3 frutos hasta las 00:15 de la madrugada del lunes.<br \/>\nOficiales entregaron a la ni\u00f1a a quien dijo llamarse Jos\u00e9 Amparo Estrada, en presencia de Ra\u00fal Huerta Rodr\u00edguez y Ana Laura Cort\u00e9s en los mismos terrenos de la FERECE.<\/p>\n","protected":false},"excerpt":{"rendered":"<p>Redacci\u00f3n.- Una ni\u00f1a andaba \u201cperdida\u201d en la FERECE, por ello polic\u00edas municipales le brindaron apoyo. La madrugada del s\u00e1bado, se conoci\u00f3 sobre el asunto que perjudicaba a la menor de&#8230;<\/p>\n","protected":false},"author":1,"featured_media":0,"comment_status":"closed","ping_status":"open","sticky":false,"template":"","format":"standard","meta":{"footnotes":""},"categories":[465],"tags":[],"class_list":["post-3209","post","type-post","status-publish","format-standard","hentry","category-policia-2","entry","simple"],"_links":{"self":[{"href":"https:\/\/www.plurinominal.com.mx\/index.php?rest_route=\/wp\/v2\/posts\/3209","targetHints":{"allow":["GET"]}}],"collection":[{"href":"https:\/\/www.plurinominal.com.mx\/index.php?rest_route=\/wp\/v2\/posts"}],"about":[{"href":"https:\/\/www.plurinominal.com.mx\/index.php?rest_route=\/wp\/v2\/types\/post"}],"author":[{"embeddable":true,"href":"https:\/\/www.plurinominal.com.mx\/index.php?rest_route=\/wp\/v2\/users\/1"}],"replies":[{"embeddable":true,"href":"https:\/\/www.plurinominal.com.mx\/index.php?rest_route=%2Fwp%2Fv2%2Fcomments&post=3209"}],"version-history":[{"count":0,"href":"https:\/\/www.plurinominal.com.mx\/index.php?rest_route=\/wp\/v2\/posts\/3209\/revisions"}],"wp:attachment":[{"href":"https:\/\/www.plurinominal.com.mx\/index.php?rest_route=%2Fwp%2Fv2%2Fmedia&parent=3209"}],"wp:term":[{"taxonomy":"category","embeddable":true,"href":"https:\/\/www.plurinominal.com.mx\/index.php?rest_route=%2Fwp%2Fv2%2Fcategories&post=3209"},{"taxonomy":"post_tag","embeddable":true,"href":"https:\/\/www.plurinominal.com.mx\/index.php?rest_route=%2Fwp%2Fv2%2Ftags&post=3209"}],"curies":[{"name":"wp","href":"https:\/\/api.w.org\/{rel}","templated":true}]}}