{"id":3213,"date":"2012-06-21T18:02:31","date_gmt":"2012-06-21T23:02:31","guid":{"rendered":"http:\/\/www.plurinominal.com.mx\/?p=3213"},"modified":"2012-06-21T18:02:31","modified_gmt":"2012-06-21T23:02:31","slug":"notario-no-acredito-requisito-de-residencia-dice-sala-del-tepjf","status":"publish","type":"post","link":"https:\/\/www.plurinominal.com.mx\/?p=3213","title":{"rendered":"\u201cNotario no acredit\u00f3 requisito de residencia\u201d, dice Sala del TEPJF"},"content":{"rendered":"<ul>\n<li>Versiones encontradas circulan en cuanto a la candidatura del Notario, persiste confusi\u00f3n en el municipio<\/li>\n<\/ul>\n<figure id=\"attachment_3214\" aria-describedby=\"caption-attachment-3214\" style=\"width: 300px\" class=\"wp-caption alignright\"><a href=\"https:\/\/www.plurinominal.com.mx\/wp-content\/uploads\/ARTURO-N..jpg\"><img loading=\"lazy\" decoding=\"async\" class=\"size-medium wp-image-3214\" title=\"ARTURO N.\" src=\"https:\/\/www.plurinominal.com.mx\/wp-content\/uploads\/ARTURO-N.-300x214.jpg\" alt=\"\" width=\"300\" height=\"214\" srcset=\"https:\/\/www.plurinominal.com.mx\/wp-content\/uploads\/ARTURO-N.-300x214.jpg 300w, https:\/\/www.plurinominal.com.mx\/wp-content\/uploads\/ARTURO-N..jpg 335w\" sizes=\"auto, (max-width: 300px) 100vw, 300px\" \/><\/a><figcaption id=\"caption-attachment-3214\" class=\"wp-caption-text\">Hasta el jueves no se le ha notificado la resoluci\u00f3n del tribunal a Narv\u00e1ez. FOTO DE ARCHIVO.<\/figcaption><\/figure>\n<p><em>Marco Serna.-<\/em> Este 19 de Junio, la Sala Regional Monterrey del Tribunal Electoral del Poder Judicial de la Federaci\u00f3n (TEPJF) revoc\u00f3 el registro de Juan Arturo Narv\u00e1ez Banda como candidato de los partidos Acci\u00f3n Nacional y Nueva Alianza a la Presidencia Municipal de Cerritos.<br \/>\nSe explica que el Notario no acredit\u00f3 el requisito de residencia exigido por la ley, resultando inelegible para dicho cargo.<br \/>\nDe acuerdo a la p\u00e1gina www.trife.gob.mx, \u201clos magistrados concluyeron, por mayor\u00eda de votos, ordenar al Comit\u00e9 Municipal Electoral que una vez que los partidos en menci\u00f3n exhiban el registro del nuevo candidato para presidente municipal del citado ayuntamiento, proceda a revisar la documentaci\u00f3n atinente y en caso de alguna irregularidad lo notifique de manera inmediata a los entes pol\u00edticos para que est\u00e9n en aptitud de corregir los requisitos omitidos\u201d.<br \/>\nSe agrega en el documento electr\u00f3nico que est\u00e1 a la vista del p\u00fablico, que \u201cel magistrado presidente, Rub\u00e9n Enrique Becerra Rojas V\u00e9rtiz, consider\u00f3 que el Comit\u00e9 Municipal Electoral deb\u00eda de requerir a los partidos pol\u00edticos mencionados, para que presentaran la documentaci\u00f3n que de manera fehaciente acreditara que dicho candidato cumpl\u00eda con el requisito de residencia, esto a fin de no trastocar el derecho de audiencia del partido y del ciudadano\u201d.<br \/>\nAs\u00ed lo resolvi\u00f3 en la sesi\u00f3n p\u00fablica de este martes, la Sala Monterrey.<br \/>\nLo anterior ha causado pol\u00e9mica en el municipio entero, todo porque los pri\u00edstas aseguran que la determinaci\u00f3n es definitiva, mientras que Arturo Narv\u00e1ez, luego de haber citado a una conferencia de prensa, ha escrito en su red social que \u201cse debe cubrir una observaci\u00f3n al momento que se notifique\u2026 sigo en la lucha\u201d.<br \/>\nEl Notario asegura, \u201cque aparecer\u00e1 en las boletas y que con la voluntad del pueblo cerritense se convertir\u00e1 en el Presidente Municipal\u201d. Al t\u00e9rmino de la edici\u00f3n, la duda contin\u00faa, porque cada grupo ha dado su interpretaci\u00f3n a la resoluci\u00f3n del tribunal.<br \/>\nArturo Narv\u00e1ez enfrent\u00f3 conflictos desde el inicio de su candidatura.<br \/>\nAl conocerse el resultado interno, el grupo del precandidato Gregorio Carbajal, \u2014que ahora milita abiertamente a favor del PRI\u2014 promover\u00eda una inconformidad por escrito ante el Comit\u00e9 Estatal, aduciendo varias situaciones que de acuerdo al grupo, \u201cconsideraron an\u00f3malas\u201d.<br \/>\nFue despu\u00e9s de que se entregaron las constancias a los candidatos, cuando se conoci\u00f3 sobre el recurso de revocaci\u00f3n del registro del Abogado, que se analiz\u00f3 el 21 de abril y que fue presentado por el Lic. Edgar Joel Zapata Gonz\u00e1lez, representante del Partido Revolucionario Institucional ante el Comit\u00e9 Municipal Electoral.<br \/>\n\u201cJuan Arturo Narv\u00e1ez Banda desde el 18 septiembre de 2004 desempe\u00f1\u00f3 funciones como notario adscrito, pero desde el 2005 se desempe\u00f1a como notario propietario y con domicilio en la calle Aquiles Serd\u00e1n esquina con Moctezuma n\u00famero 27 en Villa de Arista. Est\u00e1 obligado a residir donde est\u00e1 su lugar de adscripci\u00f3n, de lo contrario estar\u00eda actuando en forma contraria a la Ley del Notariado y por lo tanto sab\u00eda que su lugar de residencia es en Villa de Arista\u201d. Son algunos de los argumentos mencionados desde el inicio de la controversia.<br \/>\nEn el documento inicial se anex\u00f3 una constancia expedida por la Licenciada Luz Mar\u00eda Enriqueta Cabrero Romero, directora del notariado, donde se especifica que Narv\u00e1ez \u201chasta el d\u00eda de hoy cumple funciones como notario\u201d.<br \/>\nTambi\u00e9n se le se\u00f1al\u00f3 de iniciar actos anticipados de campa\u00f1a y se presentaron \u201cpruebas\u201d.<br \/>\nComo ya lo public\u00f3 este medio (Ver Plurinominal 439), el Comit\u00e9 Municipal Electoral estableci\u00f3 que \u201cuno de los derechos del ciudadano es votar y ser votado\u201d.<br \/>\nSe explic\u00f3 que ante el Comit\u00e9 Municipal se cumplieron los requisitos y dio por v\u00e1lida la constancia expedida por el H. Ayuntamiento, donde el Licenciado estableci\u00f3 una residencia en la calle Ju\u00e1rez n\u00famero 54 y que \u00e9sta qued\u00f3 fortalecida con su acta de nacimiento, por ello al Comit\u00e9 Municipal Electoral no le quedaba duda sobre la residencia del candidato de Acci\u00f3n Nacional.<br \/>\nEn esa ocasi\u00f3n, el Comit\u00e9 Municipal Electoral declar\u00f3 firme el registro de \u00e9ste, adem\u00e1s orden\u00f3 que se notificara al Lic. Edgar Joel Zapata Gonz\u00e1lez.<br \/>\nAl presentarse el recurso correspondiente, el asunto fue turnado a la Sala Regional de la Zona Media, donde a mediados de mayo se volvi\u00f3 a declarar firme la candidatura, datos que Arturo Narv\u00e1ez explic\u00f3 ante sus simpatizantes, pero luego se supo de otro recurso y se turn\u00f3 el expediente a un tribunal de alzada.<br \/>\nAl conocer sobre la continuidad del asunto, el 19 de mayo en un mitin llevado a cabo en el barrio de Padre Jes\u00fas, Narv\u00e1ez calific\u00f3 a Jorge Quintero, \u201ccomo una persona que miente\u201d, dado que en una reuni\u00f3n imprevista entre candidatos, \u00e9ste prometi\u00f3 que las impugnaciones se dejar\u00edan a un lado, sin embargo el comentario de Narv\u00e1ez hecho el 26 de abril ante un grupo de cerritenses que se encontraban en un negocio de la avenida Ju\u00e1rez, en raz\u00f3n de que hab\u00eda dado respuesta a una \u201cdemanda de risa\u201d, enfureci\u00f3 a los promotores quienes juraron llevar el asunto a las \u00faltimas consecuencias.<br \/>\nFinalmente, este 19 de Junio, la Sala Regional Monterrey del Tribunal Electoral del Poder Judicial de la Federaci\u00f3n (TEPJF) revoc\u00f3 el registro de Juan Arturo Narv\u00e1ez Banda como candidato. Se desconoce si cabe alg\u00fan recurso sobre la resoluci\u00f3n dictada, pero Abogados del PRI aseguran que la decisi\u00f3n es definitiva. El Notario por su parte, expresa comentarios que tratan de tranquilizar a su gente.<br \/>\nEntre las \u00faltimas acciones del grupo de Narv\u00e1ez, resalt\u00f3 el festejo con motivo del d\u00eda de padre, llevado a cabo este domingo en el barrio de Francia. El lunes, la tormenta impidi\u00f3 el mitin en San Antonio y el martes se anunci\u00f3 todav\u00eda la visita a la comunidad de Derramaderos. Este mi\u00e9rcoles el aparato de sonido de Acci\u00f3n Nacional no se escuch\u00f3 en la cabecera por la tarde, pero el Notario convoc\u00f3 a una rueda de prensa el jueves en el Sal\u00f3n Campestre, a d\u00f3nde tambi\u00e9n hizo un llamado a sus simpatizantes.<br \/>\nEste mi\u00e9rcoles, se hicieron llamados a mantener la calma a la poblaci\u00f3n en general y se esperaba nueva informaci\u00f3n para despu\u00e9s de las 20:00 horas.<\/p>\n","protected":false},"excerpt":{"rendered":"<p>Versiones encontradas circulan en cuanto a la candidatura del Notario, persiste confusi\u00f3n en el municipio Marco Serna.- Este 19 de Junio, la Sala Regional Monterrey del Tribunal Electoral del Poder&#8230;<\/p>\n","protected":false},"author":1,"featured_media":0,"comment_status":"closed","ping_status":"open","sticky":false,"template":"","format":"standard","meta":{"footnotes":""},"categories":[463],"tags":[],"class_list":["post-3213","post","type-post","status-publish","format-standard","hentry","category-politica","entry","simple"],"_links":{"self":[{"href":"https:\/\/www.plurinominal.com.mx\/index.php?rest_route=\/wp\/v2\/posts\/3213","targetHints":{"allow":["GET"]}}],"collection":[{"href":"https:\/\/www.plurinominal.com.mx\/index.php?rest_route=\/wp\/v2\/posts"}],"about":[{"href":"https:\/\/www.plurinominal.com.mx\/index.php?rest_route=\/wp\/v2\/types\/post"}],"author":[{"embeddable":true,"href":"https:\/\/www.plurinominal.com.mx\/index.php?rest_route=\/wp\/v2\/users\/1"}],"replies":[{"embeddable":true,"href":"https:\/\/www.plurinominal.com.mx\/index.php?rest_route=%2Fwp%2Fv2%2Fcomments&post=3213"}],"version-history":[{"count":0,"href":"https:\/\/www.plurinominal.com.mx\/index.php?rest_route=\/wp\/v2\/posts\/3213\/revisions"}],"wp:attachment":[{"href":"https:\/\/www.plurinominal.com.mx\/index.php?rest_route=%2Fwp%2Fv2%2Fmedia&parent=3213"}],"wp:term":[{"taxonomy":"category","embeddable":true,"href":"https:\/\/www.plurinominal.com.mx\/index.php?rest_route=%2Fwp%2Fv2%2Fcategories&post=3213"},{"taxonomy":"post_tag","embeddable":true,"href":"https:\/\/www.plurinominal.com.mx\/index.php?rest_route=%2Fwp%2Fv2%2Ftags&post=3213"}],"curies":[{"name":"wp","href":"https:\/\/api.w.org\/{rel}","templated":true}]}}