{"id":3217,"date":"2012-06-21T18:14:59","date_gmt":"2012-06-21T23:14:59","guid":{"rendered":"http:\/\/www.plurinominal.com.mx\/?p=3217"},"modified":"2012-06-21T18:20:54","modified_gmt":"2012-06-21T23:20:54","slug":"se-espera-junta-de-informacion-para-esclarecer-asunto-de-la-candidatura-panista","status":"publish","type":"post","link":"https:\/\/www.plurinominal.com.mx\/?p=3217","title":{"rendered":"Esperan junta de informaci\u00f3n para esclarecer asunto de la candidatura panista"},"content":{"rendered":"<figure id=\"attachment_3218\" aria-describedby=\"caption-attachment-3218\" style=\"width: 283px\" class=\"wp-caption alignright\"><a href=\"https:\/\/www.plurinominal.com.mx\/wp-content\/uploads\/SEGUIDORES.jpg\"><img loading=\"lazy\" decoding=\"async\" class=\"size-full wp-image-3218\" title=\"SEGUIDORES\" src=\"https:\/\/www.plurinominal.com.mx\/wp-content\/uploads\/SEGUIDORES.jpg\" alt=\"\" width=\"283\" height=\"189\" \/><\/a><figcaption id=\"caption-attachment-3218\" class=\"wp-caption-text\">Ante la confusi\u00f3n, Arturo ha pedido calma y tolerancia a su gente. Dar\u00e1 una rueda de prensa para explicar a detalle el asunto.<\/figcaption><\/figure>\n<p><em>Marco Serna<\/em><br \/>\n18:01 PM.- Una rueda de prensa se espera dentro de unas horas donde se especificar\u00e1n los detalles de la resoluci\u00f3n dictada este 19 de Junio, por la Sala Regional Monterrey del Tribunal Electoral del Poder Judicial de la Federaci\u00f3n (TEPJF), donde se menciona que \u201cse revoc\u00f3 la candidatura\u201d del Notario.<br \/>\nEn el municipio, se han hecho llamados a mantener la calma, porque el grupo del panista, ha explicado que se trata de cumplir con un requisito de residencia, lo que se har\u00e1 en un lapso concedido por la ley una vez sean notificados los puntos resolutivos.<br \/>\nArturo Narv\u00e1ez Banda, mencion\u00f3 hace unos momentos a Plurinominal que ha podido conseguir el documento que acredita su residencia, por ello se ha hecho p\u00fablico entre la poblaci\u00f3n que \u201csigue firme en su candidatura\u201d.<br \/>\nPor su parte, el grupo pri\u00edsta, que conoci\u00f3 de la decisi\u00f3n del tribunal desde el martes por la noche, mantiene firme el comentario de que \u201cya no queda otro recurso y debe nombrarse a un nuevo candidato\u201d.<br \/>\nSe revel\u00f3 a Plurinominal que en la reuni\u00f3n de hoy, se contar\u00e1 con la presencia de Marco Antonio Gama Basarte, Presidente del Comit\u00e9 Directivo Estatal del PAN, quien dar\u00e1 detalles sobre el caso.<\/p>\n","protected":false},"excerpt":{"rendered":"<p>Marco Serna 18:01 PM.- Una rueda de prensa se espera dentro de unas horas donde se especificar\u00e1n los detalles de la resoluci\u00f3n dictada este 19 de Junio, por la Sala&#8230;<\/p>\n","protected":false},"author":1,"featured_media":0,"comment_status":"closed","ping_status":"open","sticky":false,"template":"","format":"standard","meta":{"footnotes":""},"categories":[3],"tags":[],"class_list":["post-3217","post","type-post","status-publish","format-standard","hentry","category-cerritos","entry","simple"],"_links":{"self":[{"href":"https:\/\/www.plurinominal.com.mx\/index.php?rest_route=\/wp\/v2\/posts\/3217","targetHints":{"allow":["GET"]}}],"collection":[{"href":"https:\/\/www.plurinominal.com.mx\/index.php?rest_route=\/wp\/v2\/posts"}],"about":[{"href":"https:\/\/www.plurinominal.com.mx\/index.php?rest_route=\/wp\/v2\/types\/post"}],"author":[{"embeddable":true,"href":"https:\/\/www.plurinominal.com.mx\/index.php?rest_route=\/wp\/v2\/users\/1"}],"replies":[{"embeddable":true,"href":"https:\/\/www.plurinominal.com.mx\/index.php?rest_route=%2Fwp%2Fv2%2Fcomments&post=3217"}],"version-history":[{"count":0,"href":"https:\/\/www.plurinominal.com.mx\/index.php?rest_route=\/wp\/v2\/posts\/3217\/revisions"}],"wp:attachment":[{"href":"https:\/\/www.plurinominal.com.mx\/index.php?rest_route=%2Fwp%2Fv2%2Fmedia&parent=3217"}],"wp:term":[{"taxonomy":"category","embeddable":true,"href":"https:\/\/www.plurinominal.com.mx\/index.php?rest_route=%2Fwp%2Fv2%2Fcategories&post=3217"},{"taxonomy":"post_tag","embeddable":true,"href":"https:\/\/www.plurinominal.com.mx\/index.php?rest_route=%2Fwp%2Fv2%2Ftags&post=3217"}],"curies":[{"name":"wp","href":"https:\/\/api.w.org\/{rel}","templated":true}]}}