{"id":3234,"date":"2012-06-21T23:06:09","date_gmt":"2012-06-22T04:06:09","guid":{"rendered":"http:\/\/www.plurinominal.com.mx\/?p=3234"},"modified":"2012-06-21T23:06:09","modified_gmt":"2012-06-22T04:06:09","slug":"concluye-rueda-de-prensa","status":"publish","type":"post","link":"https:\/\/www.plurinominal.com.mx\/?p=3234","title":{"rendered":"Concluye rueda de prensa"},"content":{"rendered":"<p>Redacci\u00f3n.- Acaba de concluir la \u201crueda de prensa\u201d a la que convoc\u00f3 Arturo Narv\u00e1ez Banda. Luego del evento en el sal\u00f3n Campestre, se inici\u00f3 una marcha para reiterar la candidatura del Notario que aun no ha sido notificado de la resoluci\u00f3n del tribual. Por su parte los pri\u00edstas, siguen mencionando la postura ya citada en relaci\u00f3n a la revocaci\u00f3n de la candidatura. Plurinominal podr\u00eda explicar m\u00e1s a fondo del asunto en una edici\u00f3n extra.<br \/>\nEn el video se muestra el modo en que fue recibido el Notario al llegar al sal\u00f3n.<\/p>\n<p><iframe loading=\"lazy\" src=\"http:\/\/www.youtube.com\/embed\/FOP2YLSpNLg\" frameborder=\"0\" width=\"420\" height=\"315\"><\/iframe><\/p>\n","protected":false},"excerpt":{"rendered":"<p>Redacci\u00f3n.- Acaba de concluir la \u201crueda de prensa\u201d a la que convoc\u00f3 Arturo Narv\u00e1ez Banda. Luego del evento en el sal\u00f3n Campestre, se inici\u00f3 una marcha para reiterar la candidatura&#8230;<\/p>\n","protected":false},"author":1,"featured_media":0,"comment_status":"closed","ping_status":"open","sticky":false,"template":"","format":"standard","meta":{"footnotes":""},"categories":[463],"tags":[],"class_list":["post-3234","post","type-post","status-publish","format-standard","hentry","category-politica","entry","simple"],"_links":{"self":[{"href":"https:\/\/www.plurinominal.com.mx\/index.php?rest_route=\/wp\/v2\/posts\/3234","targetHints":{"allow":["GET"]}}],"collection":[{"href":"https:\/\/www.plurinominal.com.mx\/index.php?rest_route=\/wp\/v2\/posts"}],"about":[{"href":"https:\/\/www.plurinominal.com.mx\/index.php?rest_route=\/wp\/v2\/types\/post"}],"author":[{"embeddable":true,"href":"https:\/\/www.plurinominal.com.mx\/index.php?rest_route=\/wp\/v2\/users\/1"}],"replies":[{"embeddable":true,"href":"https:\/\/www.plurinominal.com.mx\/index.php?rest_route=%2Fwp%2Fv2%2Fcomments&post=3234"}],"version-history":[{"count":0,"href":"https:\/\/www.plurinominal.com.mx\/index.php?rest_route=\/wp\/v2\/posts\/3234\/revisions"}],"wp:attachment":[{"href":"https:\/\/www.plurinominal.com.mx\/index.php?rest_route=%2Fwp%2Fv2%2Fmedia&parent=3234"}],"wp:term":[{"taxonomy":"category","embeddable":true,"href":"https:\/\/www.plurinominal.com.mx\/index.php?rest_route=%2Fwp%2Fv2%2Fcategories&post=3234"},{"taxonomy":"post_tag","embeddable":true,"href":"https:\/\/www.plurinominal.com.mx\/index.php?rest_route=%2Fwp%2Fv2%2Ftags&post=3234"}],"curies":[{"name":"wp","href":"https:\/\/api.w.org\/{rel}","templated":true}]}}