{"id":3237,"date":"2012-06-22T13:00:46","date_gmt":"2012-06-22T18:00:46","guid":{"rendered":"http:\/\/www.plurinominal.com.mx\/?p=3237"},"modified":"2012-06-22T15:52:09","modified_gmt":"2012-06-22T20:52:09","slug":"edicion-extra-por-hechos-politicos-relevantes","status":"publish","type":"post","link":"https:\/\/www.plurinominal.com.mx\/?p=3237","title":{"rendered":"EDICION EXTRA POR HECHOS POLITICOS RELEVANTES"},"content":{"rendered":"<p><a href=\"https:\/\/www.plurinominal.com.mx\/wp-content\/uploads\/Plurinominal-457-EXTRA-PRIMERA-PLANA-copia-copia.jpg\"><img loading=\"lazy\" decoding=\"async\" class=\"alignright size-medium wp-image-3240\" title=\"Maquetaci\u00f3n 1\" src=\"https:\/\/www.plurinominal.com.mx\/wp-content\/uploads\/Plurinominal-457-EXTRA-PRIMERA-PLANA-copia-copia-259x300.jpg\" alt=\"\" width=\"259\" height=\"300\" srcset=\"https:\/\/www.plurinominal.com.mx\/wp-content\/uploads\/Plurinominal-457-EXTRA-PRIMERA-PLANA-copia-copia-259x300.jpg 259w, https:\/\/www.plurinominal.com.mx\/wp-content\/uploads\/Plurinominal-457-EXTRA-PRIMERA-PLANA-copia-copia.jpg 591w\" sizes=\"auto, (max-width: 259px) 100vw, 259px\" \/><\/a>Plurinominal crey\u00f3 interesante publicar esta edici\u00f3n extra, tomando como argumentos los expresados por la sala del tribunal. Tambi\u00e9n se informa sobre lo sucedido la noche del jueves, donde aun sin ser avisado formalmente de la decisi\u00f3n de la autoridad, Arturo ya adelant\u00f3 lo que de acuerdo a \u00e9l ocurrir\u00e1.<br \/>\nPor su parte, luego de la cita, este medio se top\u00f3 con un grupo de pri\u00edstas, que se mantuvieron firmes en su postura, es decir que no quedaba otra salida m\u00e1s que Acci\u00f3n Nacional y Nueva Alianza nombren a un nuevo representante.<br \/>\nEste ejemplar se concluye a las 15:05 horas, nada se define aun y todo puede dar un giro inesperado. Se recuerda que se espera formalmente la decisi\u00f3n del tribunal, para saber si acepta o no la omisi\u00f3n ya resuelta por Narv\u00e1ez.<br \/>\nEl lector tiene la \u00faltima opini\u00f3n, aunque surge la inc\u00f3gnita si otros partidos al registrarse incurrieron en el error en raz\u00f3n de la residencia que puso en aprietos al notario.<\/p>\n","protected":false},"excerpt":{"rendered":"<p>Plurinominal crey\u00f3 interesante publicar esta edici\u00f3n extra, tomando como argumentos los expresados por la sala del tribunal. Tambi\u00e9n se informa sobre lo sucedido la noche del jueves, donde aun sin&#8230;<\/p>\n","protected":false},"author":1,"featured_media":0,"comment_status":"closed","ping_status":"open","sticky":false,"template":"","format":"standard","meta":{"footnotes":""},"categories":[3],"tags":[],"class_list":["post-3237","post","type-post","status-publish","format-standard","hentry","category-cerritos","entry","simple"],"_links":{"self":[{"href":"https:\/\/www.plurinominal.com.mx\/index.php?rest_route=\/wp\/v2\/posts\/3237","targetHints":{"allow":["GET"]}}],"collection":[{"href":"https:\/\/www.plurinominal.com.mx\/index.php?rest_route=\/wp\/v2\/posts"}],"about":[{"href":"https:\/\/www.plurinominal.com.mx\/index.php?rest_route=\/wp\/v2\/types\/post"}],"author":[{"embeddable":true,"href":"https:\/\/www.plurinominal.com.mx\/index.php?rest_route=\/wp\/v2\/users\/1"}],"replies":[{"embeddable":true,"href":"https:\/\/www.plurinominal.com.mx\/index.php?rest_route=%2Fwp%2Fv2%2Fcomments&post=3237"}],"version-history":[{"count":0,"href":"https:\/\/www.plurinominal.com.mx\/index.php?rest_route=\/wp\/v2\/posts\/3237\/revisions"}],"wp:attachment":[{"href":"https:\/\/www.plurinominal.com.mx\/index.php?rest_route=%2Fwp%2Fv2%2Fmedia&parent=3237"}],"wp:term":[{"taxonomy":"category","embeddable":true,"href":"https:\/\/www.plurinominal.com.mx\/index.php?rest_route=%2Fwp%2Fv2%2Fcategories&post=3237"},{"taxonomy":"post_tag","embeddable":true,"href":"https:\/\/www.plurinominal.com.mx\/index.php?rest_route=%2Fwp%2Fv2%2Ftags&post=3237"}],"curies":[{"name":"wp","href":"https:\/\/api.w.org\/{rel}","templated":true}]}}