{"id":324,"date":"2011-11-06T16:21:03","date_gmt":"2011-11-06T22:21:03","guid":{"rendered":"http:\/\/www.plurinominal.com.mx\/?p=324"},"modified":"2011-11-10T16:21:26","modified_gmt":"2011-11-10T22:21:26","slug":"pavimentaran-tramo-de-la-calle-allende-en-vj","status":"publish","type":"post","link":"https:\/\/www.plurinominal.com.mx\/?p=324","title":{"rendered":"Pavimentar\u00e1n tramo de la calle Allende en VJ"},"content":{"rendered":"<p>To\u00f1o R.<br \/>\nPara responder afirmativamente a la petici\u00f3n de los vecinos de la calle Allende \u2014entre Bravo y Cuauht\u00e9moc\u2014, el Presidente Municipal Jes\u00fas Ruiz Castillo gestion\u00f3 ante la Comisi\u00f3n Estatal del Agua la pavimentaci\u00f3n de un tramo de la arteria.<br \/>\nLo anterior bajo el argumento de \u201cque en temporada de lluvias, el \u00e1rea se volv\u00eda dif\u00edcil de transitar\u201d.<br \/>\nLa respuesta se ver\u00e1 reflejada al 100% en los pr\u00f3ximos d\u00edas ya que durante el transcurso de la semana que pas\u00f3 se llevaron a cabo trabajos de emparejamiento y preparaci\u00f3n de la zona para llevar a cabo la aplicaci\u00f3n de la carpeta asf\u00e1ltica.<br \/>\nSe contempla que dicha aplicaci\u00f3n cuente con un espesor de 7 cent\u00edmetros.<\/p>\n","protected":false},"excerpt":{"rendered":"<p>To\u00f1o R. Para responder afirmativamente a la petici\u00f3n de los vecinos de la calle Allende \u2014entre Bravo y Cuauht\u00e9moc\u2014, el Presidente Municipal Jes\u00fas Ruiz Castillo gestion\u00f3 ante la Comisi\u00f3n Estatal&#8230;<\/p>\n","protected":false},"author":1,"featured_media":0,"comment_status":"closed","ping_status":"open","sticky":false,"template":"","format":"standard","meta":{"footnotes":""},"categories":[4],"tags":[208],"class_list":["post-324","post","type-post","status-publish","format-standard","hentry","category-villa-juarez","tag-calle-allende","entry","simple"],"_links":{"self":[{"href":"https:\/\/www.plurinominal.com.mx\/index.php?rest_route=\/wp\/v2\/posts\/324","targetHints":{"allow":["GET"]}}],"collection":[{"href":"https:\/\/www.plurinominal.com.mx\/index.php?rest_route=\/wp\/v2\/posts"}],"about":[{"href":"https:\/\/www.plurinominal.com.mx\/index.php?rest_route=\/wp\/v2\/types\/post"}],"author":[{"embeddable":true,"href":"https:\/\/www.plurinominal.com.mx\/index.php?rest_route=\/wp\/v2\/users\/1"}],"replies":[{"embeddable":true,"href":"https:\/\/www.plurinominal.com.mx\/index.php?rest_route=%2Fwp%2Fv2%2Fcomments&post=324"}],"version-history":[{"count":0,"href":"https:\/\/www.plurinominal.com.mx\/index.php?rest_route=\/wp\/v2\/posts\/324\/revisions"}],"wp:attachment":[{"href":"https:\/\/www.plurinominal.com.mx\/index.php?rest_route=%2Fwp%2Fv2%2Fmedia&parent=324"}],"wp:term":[{"taxonomy":"category","embeddable":true,"href":"https:\/\/www.plurinominal.com.mx\/index.php?rest_route=%2Fwp%2Fv2%2Fcategories&post=324"},{"taxonomy":"post_tag","embeddable":true,"href":"https:\/\/www.plurinominal.com.mx\/index.php?rest_route=%2Fwp%2Fv2%2Ftags&post=324"}],"curies":[{"name":"wp","href":"https:\/\/api.w.org\/{rel}","templated":true}]}}