{"id":3242,"date":"2012-06-22T15:53:21","date_gmt":"2012-06-22T20:53:21","guid":{"rendered":"http:\/\/www.plurinominal.com.mx\/?p=3242"},"modified":"2012-06-22T15:53:21","modified_gmt":"2012-06-22T20:53:21","slug":"salud-deporte-carreteras-y-caminos-puntos-claves-de-javier-izaguirre","status":"publish","type":"post","link":"https:\/\/www.plurinominal.com.mx\/?p=3242","title":{"rendered":"Salud, deporte, carreteras y caminos, puntos claves de Javier Izaguirre"},"content":{"rendered":"<p><em>Rom\u00e1n G.- <\/em>Dentro de los puntos tratados por el ciudadano Luis Javier Izaguirre Ruiz, candidato a la presidencia municipal por la coalici\u00f3n Movimiento Ciudadano, Partido del Trabajo y Revoluci\u00f3n Democr\u00e1tica, sobresalen la salud, el deporte, carreteras y caminos.<br \/>\nEn sus propuestas, el candidato destaca la pr\u00e1ctica organizada y regular de todas las disciplinas deportivas en cada una de las colonias de nuestro municipio, as\u00ed como de las localidades.<br \/>\nConsidera importante fomentar y organizar torneos y competencias donde puedan participar los ni\u00f1os j\u00f3venes y practicantes de alguna disciplina deportiva en el \u00e1mbito local.<br \/>\nEn el tema de la salud, \u201cEl de la Rimy\u201d proyecta la gesti\u00f3n de un quir\u00f3fano comunitario, con lo cual se realizar\u00e1n cirug\u00edas en la cabecera municipal, para no tener la necesidad de trasladarse a lugares m\u00e1s lejanos y contar con ambulancia funcional las 24 horas del d\u00eda.<br \/>\nIzaguirre Ruiz, sabe que contando con infraestructura de comunicaci\u00f3n en nuestro municipio, Cerritos se volver\u00e1 m\u00e1s \u201cdin\u00e1mico \u201d.<br \/>\nEl candidato por la coalici\u00f3n PRD, PT y Movimiento Ciudadano, mencion\u00f3 que el mantenimiento preventivo continuo de caminos rurales es de suma importancia para facilitar a la poblaci\u00f3n de comunidades, el traslado de pacientes y que tengan f\u00e1cil acceso a la cabecera municipal.<br \/>\nIzaguirre Ruiz enfatiza que el proyecto presentado por los \u201cpartidos de izquierda\u201d va de la mano con el \u00fanico objetivo de mejorar la vida social de los cerritenses.<br \/>\nLuis Javier Izaguirre tuvo este fin de semana una intensa actividad, iniciando el 15 de junio con visitas domiciliarias en el Barrio de Nuestro Padre Jes\u00fas.<br \/>\nCasa por casa, el candidato fue saludando a los habitantes de este barrio, donde a lo largo del recorrido recibi\u00f3 innumerables muestras de apoyo. Continu\u00f3 actividades el 16 de junio, con la inauguraci\u00f3n del torneo cuadrangular de futbol, donde participaron equipos como Astros, Padre Jes\u00fas, Halcones y la selecci\u00f3n de la escuela normal Camilo Arriaga, en la Unidad Deportiva Manuel Galv\u00e1n mejor conocida como La Gallera, terminando las actividades con mitin en la colonia Los Pinos.<br \/>\nEl 17 de junio, cerr\u00f3 actividades con evento llevado a cabo en la colonia Guadalupe, donde se cont\u00f3 tambi\u00e9n con la presencia del candidato a Senador Fernando Silva Nieto y el candidato a la diputaci\u00f3n local Erasmo Galv\u00e1n Nieto.<br \/>\nAll\u00ed se presentaron grupos de baile de la tercera edad, y ante una nutrida concurrencia, el candidato a la presidencia municipal plasm\u00f3 su propuesta de trabajo, que est\u00e1 encaminada a mejorar la econom\u00eda de clase m\u00e1s vulnerable a trav\u00e9s de la autosuficiencia agropecuaria y ganadera, como motor que impulse todas las \u00e1reas del desarrollo en nuestro municipio.<\/p>\n","protected":false},"excerpt":{"rendered":"<p>Rom\u00e1n G.- Dentro de los puntos tratados por el ciudadano Luis Javier Izaguirre Ruiz, candidato a la presidencia municipal por la coalici\u00f3n Movimiento Ciudadano, Partido del Trabajo y Revoluci\u00f3n Democr\u00e1tica,&#8230;<\/p>\n","protected":false},"author":1,"featured_media":0,"comment_status":"closed","ping_status":"open","sticky":false,"template":"","format":"standard","meta":{"footnotes":""},"categories":[463],"tags":[],"class_list":["post-3242","post","type-post","status-publish","format-standard","hentry","category-politica","entry","simple"],"_links":{"self":[{"href":"https:\/\/www.plurinominal.com.mx\/index.php?rest_route=\/wp\/v2\/posts\/3242","targetHints":{"allow":["GET"]}}],"collection":[{"href":"https:\/\/www.plurinominal.com.mx\/index.php?rest_route=\/wp\/v2\/posts"}],"about":[{"href":"https:\/\/www.plurinominal.com.mx\/index.php?rest_route=\/wp\/v2\/types\/post"}],"author":[{"embeddable":true,"href":"https:\/\/www.plurinominal.com.mx\/index.php?rest_route=\/wp\/v2\/users\/1"}],"replies":[{"embeddable":true,"href":"https:\/\/www.plurinominal.com.mx\/index.php?rest_route=%2Fwp%2Fv2%2Fcomments&post=3242"}],"version-history":[{"count":0,"href":"https:\/\/www.plurinominal.com.mx\/index.php?rest_route=\/wp\/v2\/posts\/3242\/revisions"}],"wp:attachment":[{"href":"https:\/\/www.plurinominal.com.mx\/index.php?rest_route=%2Fwp%2Fv2%2Fmedia&parent=3242"}],"wp:term":[{"taxonomy":"category","embeddable":true,"href":"https:\/\/www.plurinominal.com.mx\/index.php?rest_route=%2Fwp%2Fv2%2Fcategories&post=3242"},{"taxonomy":"post_tag","embeddable":true,"href":"https:\/\/www.plurinominal.com.mx\/index.php?rest_route=%2Fwp%2Fv2%2Ftags&post=3242"}],"curies":[{"name":"wp","href":"https:\/\/api.w.org\/{rel}","templated":true}]}}