{"id":3244,"date":"2012-06-22T15:54:12","date_gmt":"2012-06-22T20:54:12","guid":{"rendered":"http:\/\/www.plurinominal.com.mx\/?p=3244"},"modified":"2012-06-22T15:54:12","modified_gmt":"2012-06-22T20:54:12","slug":"un-cerritos-pintado-de-verde","status":"publish","type":"post","link":"https:\/\/www.plurinominal.com.mx\/?p=3244","title":{"rendered":"Un Cerritos pintado de Verde"},"content":{"rendered":"<p>Rom\u00e1n G.- Las palabras \u201cCerritos se pintar\u00e1 de Verde\u201d del candidato por la coalici\u00f3n PVEM-Conciencia Popular, son com\u00fanmente citadas en sus eventos proselitistas.<br \/>\nCarlos Ruiz continu\u00f3 con diversas visitas domiciliarias en esta cabecera municipal, donde ha sido bien recibido por familias que creen en su propuesta.<br \/>\nEl candidato m\u00e1s joven, insiste que el proyecto de su partido es uno de los m\u00e1s viables.<br \/>\n\u201cEl principal objetivo se ha cumplido. Los cerritenses ya han escuchado el proyecto, adopt\u00e1ndolo como el mejor de las actuales propuestas. Se ha logrado convencer a gente proveniente de otros partidos, los que ahora se unen a la Fuerza Verde que contin\u00faa trabajando en la b\u00fasqueda del beneficio social\u201d.<br \/>\nRuiz P\u00e9rez puntualiz\u00f3, \u201cla planilla del Verde ha trabajado durante la campa\u00f1a para asegurar que las propuestas sean escuchadas\u201d.<br \/>\n\u201cEl ni\u00f1o verde\u201d, asegura que se encuentra satisfecho con el trabajo realizado, con el cual se ha ganado la confianza de un grupo de simpatizantes y tienen todo para lograr la victoria este primero de julio.<br \/>\nSe indic\u00f3 a Plurinominal que las actividades de visitas domiciliarias se intensificar\u00e1n antes del cierre de campa\u00f1a.       <\/p>\n","protected":false},"excerpt":{"rendered":"<p>Rom\u00e1n G.- Las palabras \u201cCerritos se pintar\u00e1 de Verde\u201d del candidato por la coalici\u00f3n PVEM-Conciencia Popular, son com\u00fanmente citadas en sus eventos proselitistas. Carlos Ruiz continu\u00f3 con diversas visitas domiciliarias&#8230;<\/p>\n","protected":false},"author":1,"featured_media":0,"comment_status":"closed","ping_status":"open","sticky":false,"template":"","format":"standard","meta":{"footnotes":""},"categories":[463],"tags":[],"class_list":["post-3244","post","type-post","status-publish","format-standard","hentry","category-politica","entry","simple"],"_links":{"self":[{"href":"https:\/\/www.plurinominal.com.mx\/index.php?rest_route=\/wp\/v2\/posts\/3244","targetHints":{"allow":["GET"]}}],"collection":[{"href":"https:\/\/www.plurinominal.com.mx\/index.php?rest_route=\/wp\/v2\/posts"}],"about":[{"href":"https:\/\/www.plurinominal.com.mx\/index.php?rest_route=\/wp\/v2\/types\/post"}],"author":[{"embeddable":true,"href":"https:\/\/www.plurinominal.com.mx\/index.php?rest_route=\/wp\/v2\/users\/1"}],"replies":[{"embeddable":true,"href":"https:\/\/www.plurinominal.com.mx\/index.php?rest_route=%2Fwp%2Fv2%2Fcomments&post=3244"}],"version-history":[{"count":0,"href":"https:\/\/www.plurinominal.com.mx\/index.php?rest_route=\/wp\/v2\/posts\/3244\/revisions"}],"wp:attachment":[{"href":"https:\/\/www.plurinominal.com.mx\/index.php?rest_route=%2Fwp%2Fv2%2Fmedia&parent=3244"}],"wp:term":[{"taxonomy":"category","embeddable":true,"href":"https:\/\/www.plurinominal.com.mx\/index.php?rest_route=%2Fwp%2Fv2%2Fcategories&post=3244"},{"taxonomy":"post_tag","embeddable":true,"href":"https:\/\/www.plurinominal.com.mx\/index.php?rest_route=%2Fwp%2Fv2%2Ftags&post=3244"}],"curies":[{"name":"wp","href":"https:\/\/api.w.org\/{rel}","templated":true}]}}