{"id":326,"date":"2011-11-04T16:22:33","date_gmt":"2011-11-04T22:22:33","guid":{"rendered":"http:\/\/www.plurinominal.com.mx\/?p=326"},"modified":"2011-11-10T16:24:06","modified_gmt":"2011-11-10T22:24:06","slug":"adultos-mayores-caminaron-por-las-calles-de-villa-juarez","status":"publish","type":"post","link":"https:\/\/www.plurinominal.com.mx\/?p=326","title":{"rendered":"Adultos Mayores caminaron por las calles de Villa Ju\u00e1rez"},"content":{"rendered":"<p><a href=\"https:\/\/www.plurinominal.com.mx\/wp-content\/uploads\/18-viejitos-adultos.jpg\"><img loading=\"lazy\" decoding=\"async\" class=\"alignleft size-medium wp-image-327\" title=\"GEDSC DIGITAL CAMERA\" src=\"https:\/\/www.plurinominal.com.mx\/wp-content\/uploads\/18-viejitos-adultos-300x224.jpg\" alt=\"\" width=\"300\" height=\"224\" srcset=\"https:\/\/www.plurinominal.com.mx\/wp-content\/uploads\/18-viejitos-adultos-300x224.jpg 300w, https:\/\/www.plurinominal.com.mx\/wp-content\/uploads\/18-viejitos-adultos.jpg 567w\" sizes=\"auto, (max-width: 300px) 100vw, 300px\" \/><\/a>To\u00f1o R.<br \/>\nEn el marco de las celebraciones de la \u201cSemana del Adulto Mayor\u201d, este 3 de noviembre se realiz\u00f3 una caminata con personas de la tercera edad sobre las principales calles de la cabecera municipal de Villa Ju\u00e1rez.<br \/>\nEl evento inicio en punto de las 10:30 de la ma\u00f1ana.<br \/>\nParticiparon los grupos de adultos del INAPAM y \u201cEsperanza de Vida\u201d de la Secretar\u00eda de Salud, los que estuvieron acompa\u00f1ados por personal de la Jurisdicci\u00f3n Sanitaria n\u00famero cuatro, por el Director del Centro de Salud as\u00ed como por autoridades municipales.<br \/>\nLa finalidad de esta caminata fue la activaci\u00f3n f\u00edsica, por considerar a esta como un h\u00e1bito que acarrea beneficios en las personas de la tercera edad.<\/p>\n","protected":false},"excerpt":{"rendered":"<p>To\u00f1o R. En el marco de las celebraciones de la \u201cSemana del Adulto Mayor\u201d, este 3 de noviembre se realiz\u00f3 una caminata con personas de la tercera edad sobre las&#8230;<\/p>\n","protected":false},"author":1,"featured_media":0,"comment_status":"closed","ping_status":"open","sticky":false,"template":"","format":"standard","meta":{"footnotes":""},"categories":[4],"tags":[209],"class_list":["post-326","post","type-post","status-publish","format-standard","hentry","category-villa-juarez","tag-adultos-mayores","entry","simple"],"_links":{"self":[{"href":"https:\/\/www.plurinominal.com.mx\/index.php?rest_route=\/wp\/v2\/posts\/326","targetHints":{"allow":["GET"]}}],"collection":[{"href":"https:\/\/www.plurinominal.com.mx\/index.php?rest_route=\/wp\/v2\/posts"}],"about":[{"href":"https:\/\/www.plurinominal.com.mx\/index.php?rest_route=\/wp\/v2\/types\/post"}],"author":[{"embeddable":true,"href":"https:\/\/www.plurinominal.com.mx\/index.php?rest_route=\/wp\/v2\/users\/1"}],"replies":[{"embeddable":true,"href":"https:\/\/www.plurinominal.com.mx\/index.php?rest_route=%2Fwp%2Fv2%2Fcomments&post=326"}],"version-history":[{"count":0,"href":"https:\/\/www.plurinominal.com.mx\/index.php?rest_route=\/wp\/v2\/posts\/326\/revisions"}],"wp:attachment":[{"href":"https:\/\/www.plurinominal.com.mx\/index.php?rest_route=%2Fwp%2Fv2%2Fmedia&parent=326"}],"wp:term":[{"taxonomy":"category","embeddable":true,"href":"https:\/\/www.plurinominal.com.mx\/index.php?rest_route=%2Fwp%2Fv2%2Fcategories&post=326"},{"taxonomy":"post_tag","embeddable":true,"href":"https:\/\/www.plurinominal.com.mx\/index.php?rest_route=%2Fwp%2Fv2%2Ftags&post=326"}],"curies":[{"name":"wp","href":"https:\/\/api.w.org\/{rel}","templated":true}]}}