{"id":3271,"date":"2012-06-23T16:11:45","date_gmt":"2012-06-23T21:11:45","guid":{"rendered":"http:\/\/www.plurinominal.com.mx\/?p=3271"},"modified":"2012-06-23T16:11:45","modified_gmt":"2012-06-23T21:11:45","slug":"comienza-campana-negra-contra-el-pri","status":"publish","type":"post","link":"https:\/\/www.plurinominal.com.mx\/?p=3271","title":{"rendered":"Comienza campa\u00f1a negra contra el PRI"},"content":{"rendered":"<figure id=\"attachment_3272\" aria-describedby=\"caption-attachment-3272\" style=\"width: 300px\" class=\"wp-caption alignright\"><a href=\"https:\/\/www.plurinominal.com.mx\/wp-content\/uploads\/CAMPANA-NEGRA.jpg\"><img loading=\"lazy\" decoding=\"async\" class=\"size-medium wp-image-3272\" title=\"CAMPANA NEGRA\" src=\"https:\/\/www.plurinominal.com.mx\/wp-content\/uploads\/CAMPANA-NEGRA-300x225.jpg\" alt=\"\" width=\"300\" height=\"225\" srcset=\"https:\/\/www.plurinominal.com.mx\/wp-content\/uploads\/CAMPANA-NEGRA-300x225.jpg 300w, https:\/\/www.plurinominal.com.mx\/wp-content\/uploads\/CAMPANA-NEGRA-1024x768.jpg 1024w, https:\/\/www.plurinominal.com.mx\/wp-content\/uploads\/CAMPANA-NEGRA.jpg 1280w\" sizes=\"auto, (max-width: 300px) 100vw, 300px\" \/><\/a><figcaption id=\"caption-attachment-3272\" class=\"wp-caption-text\">Dicen los del PRI que comenz\u00f3 una campa\u00f1a negra, en su contra por actos fuera de todo orden legal. FOTO: ALBERTO GUERRERO OROZCO.<\/figcaption><\/figure>\n<p><em>Marco Serna.-<\/em> A pocas horas de que autoridades electorales del municipio aclaren p\u00fablicamente el sentido de la resoluci\u00f3n en cuanto a la candidatura panista, ha comenzado la \u00abgerra negra\u00bb, contra el tricolor.<br \/>\nAs\u00ed catalogan los pri\u00edstas los volantes pegados en zonas estrat\u00e9gicas que se agregan a este comentario. \u00abEn Cerritos, las cosas arden\u00bb. Nos leeremos pronto.<\/p>\n","protected":false},"excerpt":{"rendered":"<p>Marco Serna.- A pocas horas de que autoridades electorales del municipio aclaren p\u00fablicamente el sentido de la resoluci\u00f3n en cuanto a la candidatura panista, ha comenzado la \u00abgerra negra\u00bb, contra&#8230;<\/p>\n","protected":false},"author":1,"featured_media":0,"comment_status":"closed","ping_status":"open","sticky":false,"template":"","format":"standard","meta":{"footnotes":""},"categories":[3],"tags":[],"class_list":["post-3271","post","type-post","status-publish","format-standard","hentry","category-cerritos","entry","simple"],"_links":{"self":[{"href":"https:\/\/www.plurinominal.com.mx\/index.php?rest_route=\/wp\/v2\/posts\/3271","targetHints":{"allow":["GET"]}}],"collection":[{"href":"https:\/\/www.plurinominal.com.mx\/index.php?rest_route=\/wp\/v2\/posts"}],"about":[{"href":"https:\/\/www.plurinominal.com.mx\/index.php?rest_route=\/wp\/v2\/types\/post"}],"author":[{"embeddable":true,"href":"https:\/\/www.plurinominal.com.mx\/index.php?rest_route=\/wp\/v2\/users\/1"}],"replies":[{"embeddable":true,"href":"https:\/\/www.plurinominal.com.mx\/index.php?rest_route=%2Fwp%2Fv2%2Fcomments&post=3271"}],"version-history":[{"count":0,"href":"https:\/\/www.plurinominal.com.mx\/index.php?rest_route=\/wp\/v2\/posts\/3271\/revisions"}],"wp:attachment":[{"href":"https:\/\/www.plurinominal.com.mx\/index.php?rest_route=%2Fwp%2Fv2%2Fmedia&parent=3271"}],"wp:term":[{"taxonomy":"category","embeddable":true,"href":"https:\/\/www.plurinominal.com.mx\/index.php?rest_route=%2Fwp%2Fv2%2Fcategories&post=3271"},{"taxonomy":"post_tag","embeddable":true,"href":"https:\/\/www.plurinominal.com.mx\/index.php?rest_route=%2Fwp%2Fv2%2Ftags&post=3271"}],"curies":[{"name":"wp","href":"https:\/\/api.w.org\/{rel}","templated":true}]}}