{"id":3274,"date":"2012-06-23T19:37:14","date_gmt":"2012-06-24T00:37:14","guid":{"rendered":"http:\/\/www.plurinominal.com.mx\/?p=3274"},"modified":"2012-06-23T19:38:06","modified_gmt":"2012-06-24T00:38:06","slug":"dice-pri-que-el-pan-ya-no-tiene-candidato","status":"publish","type":"post","link":"https:\/\/www.plurinominal.com.mx\/?p=3274","title":{"rendered":"DICE PRI QUE EL PAN YA NO TIENE CANDIDATO"},"content":{"rendered":"<p>Marco Serna, 19:37 PM.- SE RECIBE BOLETIN INFORMATIVO DEL PARTIDO REVOLUCIONARIO INSTITUCIONAL ASEGURA QUE EL PAN HA SIDO NOTIFICADO DE LA RESOLUCION DEL TRIFE Y SE LE ORDENA PRESENTAR EL REGISTRO DE UN NUEVO CANDIDATO. EL DOCUMENTO CONCLUYE ASI: <\/p>\n<p>\u00abAl Lic. Juan Arturo Narv\u00e1ez Banda, en todo momento los Tribunales Electorales le respetaron en cada una de las instancias su derecho a ser escuchado y aportar las pruebas tendientes a comprobar su residencia, desconocemos por qu\u00e9 no lo realizo en tiempo y forma, pasaron cuatro etapas procesales diferentes, las cuales le fueron notificadas de manera legal por conducto de su representante, donde pudo hacer valer en cada una de ellas su derecho a desvirtuar nuestros argumentos, por tal circunstancia al d\u00eda de hoy perdi\u00f3 la oportunidad de acreditar fehacientemente su residencia. De lo sucedido con el respeto que merecen los partidos pol\u00edticos contrincantes el \u00fanico responsable es quien hasta hace unos d\u00edas era su candidato, el cual sigue aferrado y minti\u00e9ndole a la gente cuando dice que su candidatura esta firme.<\/p>\n<p>Es importante tambi\u00e9n decir, si aparece en la boleta electoral el que fuera candidato del PAN Y PANAL, es porque no existe la forma de cambiarlas por los tiempos electorales; referimos ser verdad el derecho de los partido citados en nombrar otro candidato, como tambi\u00e9n es verdad que a todos los dem\u00e1s integrantes de su planilla esta decisi\u00f3n tomada por el Tribunal Electoral del Poder Judicial de la Federaci\u00f3n, no les afecta.<\/p>\n<p>EL PRI solamente se ha dedicado a exponer el mejor proyecto de bienestar para Cerritos, no descalificamos a nadie, buscamos una contienda basada en la legalidad y respeto; por ello exhortamos al PAN Y PANAL atiendan en sus t\u00e9rminos la resoluci\u00f3n que fuese dictada, sin seguir con su mentira como estrategia pol\u00edtica, esto es un abuso a la confianza del ciudadano, el voto para quien sea debe de ser \u00fatil y no convertirse en un voto nulo\u00bb.<\/p>\n<p>ATTE: COMIT\u00c9 DIRECTIVO MUNICIPAL DEL PARTIDO REVOLUCIONARIO INSTITUCIONAL<br \/>\nCERRITOS SLP A 23 DE JUNIO 2012<\/p>\n","protected":false},"excerpt":{"rendered":"<p>Marco Serna, 19:37 PM.- SE RECIBE BOLETIN INFORMATIVO DEL PARTIDO REVOLUCIONARIO INSTITUCIONAL ASEGURA QUE EL PAN HA SIDO NOTIFICADO DE LA RESOLUCION DEL TRIFE Y SE LE ORDENA PRESENTAR EL&#8230;<\/p>\n","protected":false},"author":1,"featured_media":0,"comment_status":"closed","ping_status":"open","sticky":false,"template":"","format":"standard","meta":{"footnotes":""},"categories":[463],"tags":[],"class_list":["post-3274","post","type-post","status-publish","format-standard","hentry","category-politica","entry","simple"],"_links":{"self":[{"href":"https:\/\/www.plurinominal.com.mx\/index.php?rest_route=\/wp\/v2\/posts\/3274","targetHints":{"allow":["GET"]}}],"collection":[{"href":"https:\/\/www.plurinominal.com.mx\/index.php?rest_route=\/wp\/v2\/posts"}],"about":[{"href":"https:\/\/www.plurinominal.com.mx\/index.php?rest_route=\/wp\/v2\/types\/post"}],"author":[{"embeddable":true,"href":"https:\/\/www.plurinominal.com.mx\/index.php?rest_route=\/wp\/v2\/users\/1"}],"replies":[{"embeddable":true,"href":"https:\/\/www.plurinominal.com.mx\/index.php?rest_route=%2Fwp%2Fv2%2Fcomments&post=3274"}],"version-history":[{"count":0,"href":"https:\/\/www.plurinominal.com.mx\/index.php?rest_route=\/wp\/v2\/posts\/3274\/revisions"}],"wp:attachment":[{"href":"https:\/\/www.plurinominal.com.mx\/index.php?rest_route=%2Fwp%2Fv2%2Fmedia&parent=3274"}],"wp:term":[{"taxonomy":"category","embeddable":true,"href":"https:\/\/www.plurinominal.com.mx\/index.php?rest_route=%2Fwp%2Fv2%2Fcategories&post=3274"},{"taxonomy":"post_tag","embeddable":true,"href":"https:\/\/www.plurinominal.com.mx\/index.php?rest_route=%2Fwp%2Fv2%2Ftags&post=3274"}],"curies":[{"name":"wp","href":"https:\/\/api.w.org\/{rel}","templated":true}]}}