{"id":3309,"date":"2012-06-26T02:57:36","date_gmt":"2012-06-26T07:57:36","guid":{"rendered":"http:\/\/www.plurinominal.com.mx\/?p=3309"},"modified":"2012-06-26T03:08:52","modified_gmt":"2012-06-26T08:08:52","slug":"narvaez-lo-reconoce-ya-no-es-candidato-de-accion-nacional","status":"publish","type":"post","link":"https:\/\/www.plurinominal.com.mx\/?p=3309","title":{"rendered":"Narv\u00e1ez lo reconoce, ya no es candidato de Acci\u00f3n Nacional"},"content":{"rendered":"<figure id=\"attachment_3310\" aria-describedby=\"caption-attachment-3310\" style=\"width: 253px\" class=\"wp-caption alignright\"><a href=\"https:\/\/www.plurinominal.com.mx\/wp-content\/uploads\/RUEDA-DE-PRENSA-PUBLICA.jpg\"><img loading=\"lazy\" decoding=\"async\" class=\"size-medium wp-image-3310\" title=\"RUEDA DE PRENSA PUBLICA\" src=\"https:\/\/www.plurinominal.com.mx\/wp-content\/uploads\/RUEDA-DE-PRENSA-PUBLICA-253x300.jpg\" alt=\"\" width=\"253\" height=\"300\" srcset=\"https:\/\/www.plurinominal.com.mx\/wp-content\/uploads\/RUEDA-DE-PRENSA-PUBLICA-253x300.jpg 253w, https:\/\/www.plurinominal.com.mx\/wp-content\/uploads\/RUEDA-DE-PRENSA-PUBLICA.jpg 283w\" sizes=\"auto, (max-width: 253px) 100vw, 253px\" \/><\/a><figcaption id=\"caption-attachment-3310\" class=\"wp-caption-text\">Despu\u00e9s de reconocer p\u00fablicamente que ya no es candidato del PAN, este lunes Arturo present\u00f3 como tal a Alfredo Sauceda Loredo. Sobre una bolsa de la camisa del Notario, se observ\u00f3 la figura de un Santo.<\/figcaption><\/figure>\n<p><em>Marco Serna, 02:24 AM.-<\/em> Luego de agotar todos los recursos ahora ante el Comit\u00e9 Municipal Electoral, la noche de este lunes Arturo Narv\u00e1ez finalmente reconoci\u00f3 ante sus seguidores \u201cque no es candidato de Acci\u00f3n Nacional\u201d y present\u00f3 como tal a Alfredo Sauceda Loredo, quien figur\u00f3 durante toda la campa\u00f1a como aspirante a primer regidor suplente de mayor\u00eda relativa.<br \/>\nLo anterior porque surtieron efecto las \u201cartima\u00f1as\u201d, acusando de \u00e9stas \u00fanicamente al PRI.<br \/>\nAnte simpatizantes que abarrotaron los pasajes del jard\u00edn principal, Narv\u00e1ez \u2014que portaba una imagen de un Santo en la bolsa de su camisa del lado del coraz\u00f3n\u2014 denunci\u00f3 que el Gobernador del Estado meti\u00f3 sus manos en la determinaci\u00f3n que le afecta, \u201cporque no quieren que el PAN gane en Cerritos\u201d.<br \/>\nDespu\u00e9s de explicar con prontitud el considerando de la resoluci\u00f3n firmada por 3 Magistrados de una Sala Regional del TRIFE que orden\u00f3 la revocaci\u00f3n, Narv\u00e1ez inform\u00f3 que hasta la tarde del lunes, el Comit\u00e9 Municipal Electoral le notific\u00f3 sobre su inelegibilidad, \u201cpor eso nunca minti\u00f3 al pueblo de Cerritos\u201d.<br \/>\nPosteriormente detall\u00f3 la estrategia a seguir para lograr su nuevo objetivo.<br \/>\nSauceda Loredo, que es originario de la comunidad de San Jos\u00e9 de Turrubiartes, ser\u00e1 el candidato de Acci\u00f3n Nacional, dando pie a que Narv\u00e1ez sea el primer regidor.<br \/>\nCon ello, si el resultado favorece al partido, en la primera reuni\u00f3n de Cabildo, renunciar\u00e1 el edil para ser sustituido por Arturo.<br \/>\nEl Notario, se\u00f1al\u00f3 que \u201ctodo se har\u00e1 de acuerdo a la ley\u201d, puesto que los magistrados lo dejan a salvo para intentar la estrategia.<br \/>\nIndic\u00f3 que cuentan con el tiempo suficiente para presentar la documentaci\u00f3n ante el Comit\u00e9 Municipal Electoral.<br \/>\nAunque record\u00f3 aquella lucha a brazo partido de Acci\u00f3n Nacional, Arturo descart\u00f3 un movimiento social para imponerlo como presidente municipal, confiado siempre en que obtendr\u00e1n el triunfo y se dar\u00e1 pie a la estrategia.<br \/>\nEl Abogado no se\u00f1al\u00f3 quienes propusieron la nueva candidatura de la persona. Tampoco dijo si el hombre fue elegido democr\u00e1ticamente, en conjunto con miembros activos, adherentes de AN y representantes del PANAL, preguntas que quedaron al aire debido a la animadversi\u00f3n que algunas personas de entre el p\u00fablico mostraron ante el primer cuestionamiento de Plurinominal.<\/p>\n","protected":false},"excerpt":{"rendered":"<p>Marco Serna, 02:24 AM.- Luego de agotar todos los recursos ahora ante el Comit\u00e9 Municipal Electoral, la noche de este lunes Arturo Narv\u00e1ez finalmente reconoci\u00f3 ante sus seguidores \u201cque no&#8230;<\/p>\n","protected":false},"author":1,"featured_media":0,"comment_status":"closed","ping_status":"open","sticky":false,"template":"","format":"standard","meta":{"footnotes":""},"categories":[463],"tags":[],"class_list":["post-3309","post","type-post","status-publish","format-standard","hentry","category-politica","entry","simple"],"_links":{"self":[{"href":"https:\/\/www.plurinominal.com.mx\/index.php?rest_route=\/wp\/v2\/posts\/3309","targetHints":{"allow":["GET"]}}],"collection":[{"href":"https:\/\/www.plurinominal.com.mx\/index.php?rest_route=\/wp\/v2\/posts"}],"about":[{"href":"https:\/\/www.plurinominal.com.mx\/index.php?rest_route=\/wp\/v2\/types\/post"}],"author":[{"embeddable":true,"href":"https:\/\/www.plurinominal.com.mx\/index.php?rest_route=\/wp\/v2\/users\/1"}],"replies":[{"embeddable":true,"href":"https:\/\/www.plurinominal.com.mx\/index.php?rest_route=%2Fwp%2Fv2%2Fcomments&post=3309"}],"version-history":[{"count":0,"href":"https:\/\/www.plurinominal.com.mx\/index.php?rest_route=\/wp\/v2\/posts\/3309\/revisions"}],"wp:attachment":[{"href":"https:\/\/www.plurinominal.com.mx\/index.php?rest_route=%2Fwp%2Fv2%2Fmedia&parent=3309"}],"wp:term":[{"taxonomy":"category","embeddable":true,"href":"https:\/\/www.plurinominal.com.mx\/index.php?rest_route=%2Fwp%2Fv2%2Fcategories&post=3309"},{"taxonomy":"post_tag","embeddable":true,"href":"https:\/\/www.plurinominal.com.mx\/index.php?rest_route=%2Fwp%2Fv2%2Ftags&post=3309"}],"curies":[{"name":"wp","href":"https:\/\/api.w.org\/{rel}","templated":true}]}}