{"id":3329,"date":"2012-06-28T00:57:22","date_gmt":"2012-06-28T05:57:22","guid":{"rendered":"http:\/\/www.plurinominal.com.mx\/?p=3329"},"modified":"2012-06-28T00:57:22","modified_gmt":"2012-06-28T05:57:22","slug":"evento-verde-en-la-plazoleta-de-los-moreno","status":"publish","type":"post","link":"https:\/\/www.plurinominal.com.mx\/?p=3329","title":{"rendered":"Evento \u00abVerde\u00bb en la Plazoleta de los Moreno"},"content":{"rendered":"<p>Despu\u00e9s de 60 d\u00edas de intensas actividades de campa\u00f1a, este lunes 25 de junio el Partido Verde Ecologista de M\u00e9xico (PVEM) al frente de su candidato a la presidencia municipal Carlos Ruiz P\u00e9rez, llev\u00f3 a cabo el cierre oficial de campa\u00f1a con un magno evento en la plazoleta de los Moreno.<\/p>\n","protected":false},"excerpt":{"rendered":"<p>Despu\u00e9s de 60 d\u00edas de intensas actividades de campa\u00f1a, este lunes 25 de junio el Partido Verde Ecologista de M\u00e9xico (PVEM) al frente de su candidato a la presidencia municipal&#8230;<\/p>\n","protected":false},"author":1,"featured_media":3330,"comment_status":"closed","ping_status":"open","sticky":false,"template":"","format":"standard","meta":{"footnotes":""},"categories":[463],"tags":[],"class_list":["post-3329","post","type-post","status-publish","format-standard","has-post-thumbnail","hentry","category-politica","entry","simple"],"_links":{"self":[{"href":"https:\/\/www.plurinominal.com.mx\/index.php?rest_route=\/wp\/v2\/posts\/3329","targetHints":{"allow":["GET"]}}],"collection":[{"href":"https:\/\/www.plurinominal.com.mx\/index.php?rest_route=\/wp\/v2\/posts"}],"about":[{"href":"https:\/\/www.plurinominal.com.mx\/index.php?rest_route=\/wp\/v2\/types\/post"}],"author":[{"embeddable":true,"href":"https:\/\/www.plurinominal.com.mx\/index.php?rest_route=\/wp\/v2\/users\/1"}],"replies":[{"embeddable":true,"href":"https:\/\/www.plurinominal.com.mx\/index.php?rest_route=%2Fwp%2Fv2%2Fcomments&post=3329"}],"version-history":[{"count":0,"href":"https:\/\/www.plurinominal.com.mx\/index.php?rest_route=\/wp\/v2\/posts\/3329\/revisions"}],"wp:featuredmedia":[{"embeddable":true,"href":"https:\/\/www.plurinominal.com.mx\/index.php?rest_route=\/wp\/v2\/media\/3330"}],"wp:attachment":[{"href":"https:\/\/www.plurinominal.com.mx\/index.php?rest_route=%2Fwp%2Fv2%2Fmedia&parent=3329"}],"wp:term":[{"taxonomy":"category","embeddable":true,"href":"https:\/\/www.plurinominal.com.mx\/index.php?rest_route=%2Fwp%2Fv2%2Fcategories&post=3329"},{"taxonomy":"post_tag","embeddable":true,"href":"https:\/\/www.plurinominal.com.mx\/index.php?rest_route=%2Fwp%2Fv2%2Ftags&post=3329"}],"curies":[{"name":"wp","href":"https:\/\/api.w.org\/{rel}","templated":true}]}}