{"id":3339,"date":"2012-06-28T01:12:09","date_gmt":"2012-06-28T06:12:09","guid":{"rendered":"http:\/\/www.plurinominal.com.mx\/?p=3339"},"modified":"2012-06-28T01:12:09","modified_gmt":"2012-06-28T06:12:09","slug":"priistas-cerraron-el-27-tineron-de-rojo-el-centro-cerritense","status":"publish","type":"post","link":"https:\/\/www.plurinominal.com.mx\/?p=3339","title":{"rendered":"Pri\u00edstas cerraron el 27, ti\u00f1eron de rojo el centro cerritense"},"content":{"rendered":"<p>Los pri\u00edstas cerraron campa\u00f1a este mi\u00e9rcoles con evento en el centro, para trasladarse a su fiesta programada en el Sal\u00f3n Las Pe\u00f1as.<\/p>\n","protected":false},"excerpt":{"rendered":"<p>Los pri\u00edstas cerraron campa\u00f1a este mi\u00e9rcoles con evento en el centro, para trasladarse a su fiesta programada en el Sal\u00f3n Las Pe\u00f1as.<\/p>\n","protected":false},"author":1,"featured_media":3340,"comment_status":"closed","ping_status":"open","sticky":false,"template":"","format":"standard","meta":{"footnotes":""},"categories":[463],"tags":[],"class_list":["post-3339","post","type-post","status-publish","format-standard","has-post-thumbnail","hentry","category-politica","entry","simple"],"_links":{"self":[{"href":"https:\/\/www.plurinominal.com.mx\/index.php?rest_route=\/wp\/v2\/posts\/3339","targetHints":{"allow":["GET"]}}],"collection":[{"href":"https:\/\/www.plurinominal.com.mx\/index.php?rest_route=\/wp\/v2\/posts"}],"about":[{"href":"https:\/\/www.plurinominal.com.mx\/index.php?rest_route=\/wp\/v2\/types\/post"}],"author":[{"embeddable":true,"href":"https:\/\/www.plurinominal.com.mx\/index.php?rest_route=\/wp\/v2\/users\/1"}],"replies":[{"embeddable":true,"href":"https:\/\/www.plurinominal.com.mx\/index.php?rest_route=%2Fwp%2Fv2%2Fcomments&post=3339"}],"version-history":[{"count":0,"href":"https:\/\/www.plurinominal.com.mx\/index.php?rest_route=\/wp\/v2\/posts\/3339\/revisions"}],"wp:featuredmedia":[{"embeddable":true,"href":"https:\/\/www.plurinominal.com.mx\/index.php?rest_route=\/wp\/v2\/media\/3340"}],"wp:attachment":[{"href":"https:\/\/www.plurinominal.com.mx\/index.php?rest_route=%2Fwp%2Fv2%2Fmedia&parent=3339"}],"wp:term":[{"taxonomy":"category","embeddable":true,"href":"https:\/\/www.plurinominal.com.mx\/index.php?rest_route=%2Fwp%2Fv2%2Fcategories&post=3339"},{"taxonomy":"post_tag","embeddable":true,"href":"https:\/\/www.plurinominal.com.mx\/index.php?rest_route=%2Fwp%2Fv2%2Ftags&post=3339"}],"curies":[{"name":"wp","href":"https:\/\/api.w.org\/{rel}","templated":true}]}}