{"id":334,"date":"2011-11-06T16:29:00","date_gmt":"2011-11-06T22:29:00","guid":{"rendered":"http:\/\/www.plurinominal.com.mx\/?p=334"},"modified":"2011-11-10T16:29:37","modified_gmt":"2011-11-10T22:29:37","slug":"menores-de-edad-ya-pueden-comenzar-a-tramitar-credencial","status":"publish","type":"post","link":"https:\/\/www.plurinominal.com.mx\/?p=334","title":{"rendered":"Menores de edad ya pueden comenzar a tramitar credencial"},"content":{"rendered":"<p>IFE quiere pretende que en 2012 la utilicen<\/p>\n<p>Corresponsales<br \/>\nEl IFE comenz\u00f3 a difundir un programa de foto-credencializaci\u00f3n enfocado en menores de edad que cumplir\u00e1n 18 a\u00f1os el mes entrante, con lo que se comprueba que intentan que para el 2012, todo el que tenga la mayor\u00eda de edad pueda otorgar su sufragio al candidato deseado.<br \/>\nDesde la semana pasada se comienzan a observar carteles pegados en las presidencias de Cerritos y municipios vecinos, la intenci\u00f3n es que se de a conocer que los j\u00f3venes menores de 18, \u201cque cumplan a\u00f1os del 16 de enero al 1 de julio del 2012, comiencen a tramitar su credencial para votar\u201d.<br \/>\nVilla Ju\u00e1rez ha sido uno de los primeros municipios en tomar en cuenta esta publicaci\u00f3n, dando a conocer que los m\u00f3dulos estar\u00e1n hasta el 7 de noviembre y posteriormente regresar\u00e1n para otra campa\u00f1a el 27 y 28 de diciembre, cuando colocar\u00e1n el m\u00f3dulo en la Biblioteca.<br \/>\nRevelaron que los requisitos para los menores de edad son acta de nacimiento, recibo de luz o agua reciente, identificaci\u00f3n con foto; \u2014en caso de no tener una, tendr\u00e1n que presentar dos testigos los cuales deber\u00e1n llevar credencial de elector\u2014.<\/p>\n","protected":false},"excerpt":{"rendered":"<p>IFE quiere pretende que en 2012 la utilicen Corresponsales El IFE comenz\u00f3 a difundir un programa de foto-credencializaci\u00f3n enfocado en menores de edad que cumplir\u00e1n 18 a\u00f1os el mes entrante,&#8230;<\/p>\n","protected":false},"author":1,"featured_media":0,"comment_status":"closed","ping_status":"open","sticky":false,"template":"","format":"standard","meta":{"footnotes":""},"categories":[3,4],"tags":[211,108,212],"class_list":["post-334","post","type-post","status-publish","format-standard","hentry","category-cerritos","category-villa-juarez","tag-credencial","tag-ife","tag-menores","entry","simple"],"_links":{"self":[{"href":"https:\/\/www.plurinominal.com.mx\/index.php?rest_route=\/wp\/v2\/posts\/334","targetHints":{"allow":["GET"]}}],"collection":[{"href":"https:\/\/www.plurinominal.com.mx\/index.php?rest_route=\/wp\/v2\/posts"}],"about":[{"href":"https:\/\/www.plurinominal.com.mx\/index.php?rest_route=\/wp\/v2\/types\/post"}],"author":[{"embeddable":true,"href":"https:\/\/www.plurinominal.com.mx\/index.php?rest_route=\/wp\/v2\/users\/1"}],"replies":[{"embeddable":true,"href":"https:\/\/www.plurinominal.com.mx\/index.php?rest_route=%2Fwp%2Fv2%2Fcomments&post=334"}],"version-history":[{"count":0,"href":"https:\/\/www.plurinominal.com.mx\/index.php?rest_route=\/wp\/v2\/posts\/334\/revisions"}],"wp:attachment":[{"href":"https:\/\/www.plurinominal.com.mx\/index.php?rest_route=%2Fwp%2Fv2%2Fmedia&parent=334"}],"wp:term":[{"taxonomy":"category","embeddable":true,"href":"https:\/\/www.plurinominal.com.mx\/index.php?rest_route=%2Fwp%2Fv2%2Fcategories&post=334"},{"taxonomy":"post_tag","embeddable":true,"href":"https:\/\/www.plurinominal.com.mx\/index.php?rest_route=%2Fwp%2Fv2%2Ftags&post=334"}],"curies":[{"name":"wp","href":"https:\/\/api.w.org\/{rel}","templated":true}]}}