{"id":3342,"date":"2012-06-28T01:20:53","date_gmt":"2012-06-28T06:20:53","guid":{"rendered":"http:\/\/www.plurinominal.com.mx\/?p=3342"},"modified":"2012-06-28T01:25:38","modified_gmt":"2012-06-28T06:25:38","slug":"dulce-montes-candidata","status":"publish","type":"post","link":"https:\/\/www.plurinominal.com.mx\/?p=3342","title":{"rendered":"Dulce Montes, \u00abcandidata\u00bb"},"content":{"rendered":"<ul>\n<li>Revela que se est\u00e1 dando una movilizaci\u00f3n de ciudadanos que no quieren que gobierne gente indeseable y corrupta<\/li>\n<\/ul>\n<figure id=\"attachment_3343\" aria-describedby=\"caption-attachment-3343\" style=\"width: 283px\" class=\"wp-caption alignright\"><a href=\"https:\/\/www.plurinominal.com.mx\/wp-content\/uploads\/8-dulce-montes-candidata.jpg\"><img loading=\"lazy\" decoding=\"async\" class=\"size-full wp-image-3343\" title=\"DULCE MONTES Z\" src=\"https:\/\/www.plurinominal.com.mx\/wp-content\/uploads\/8-dulce-montes-candidata.jpg\" alt=\"\" width=\"283\" height=\"167\" \/><\/a><figcaption id=\"caption-attachment-3343\" class=\"wp-caption-text\">Dulce Montes ahora representa al panismo.<\/figcaption><\/figure>\n<p><em>Marco Serna.-<\/em> En un acto que contradice lo mencionado por Arturo Narv\u00e1ez en la reuni\u00f3n a la que convoc\u00f3 la noche del lunes 25 de junio, el Comit\u00e9 Ejecutivo Nacional del PAN nombr\u00f3 a Dulce Montes Z\u00fa\u00f1iga como candidata a la presidencia municipal por este partido.<br \/>\nAs\u00ed lo mencion\u00f3 el mi\u00e9rcoles a las 15:29 PM la esposa de Juan Arturo Narv\u00e1ez Banda, en entrevista sostenida por personal del noticiero local de Canal Dos, donde la Licenciada en Ciencias de la Comunicaci\u00f3n, anunci\u00f3 que en su partido \u201cest\u00e1n llegando a una movilizaci\u00f3n ciudadana de gente, de mucha gente que no quiere que llegue a la presidencia gente indeseable y corrupta. Todos los cerritenses hoy estamos m\u00e1s unidos que nunca\u201d.<br \/>\nDulce Montes, record\u00f3 que Arturo, al conocer sobre su inelegibilidad convoc\u00f3 y avis\u00f3 a sus simpatizantes.<br \/>\nReconoci\u00f3 no estar de acuerdo, pero asegur\u00f3 que ser\u00e1n respetuosos con la determinaci\u00f3n de las instituciones, \u201cacatamos la resoluci\u00f3n y el Comit\u00e9 Ejecutivo Nacional del Partido me nombra a m\u00ed candidata del PAN, esto ha sido pues algo repentino, nadie nos lo esper\u00e1bamos, pero bueno, acatamos la decisi\u00f3n\u201d.<br \/>\nAunque se hab\u00eda dicho que Alfredo Sauceda Loredo, ser\u00eda el candidato, a ella se le anunci\u00f3 como tal el martes, de acuerdo a un bolet\u00edn firmado por Marco Antonio Gama Basarte.<br \/>\nLa mujer a quien se present\u00f3 ya como candidata en el \u00faltimo mitin del PAN as\u00ed como en el evento del cierre de campa\u00f1a, explic\u00f3 que hasta este mi\u00e9rcoles a las 13:30 horas, present\u00f3 la documentaci\u00f3n ante el Comit\u00e9 Municipal Electoral para su registro, y anunci\u00f3 que hasta el momento no hubo ninguna objeci\u00f3n, lo que se resolver\u00eda hasta las 17:00 horas, por ello solo restar\u00eda esperar que el comit\u00e9 resolviera a su favor.<br \/>\nLa esposa del Notario, reconoci\u00f3 que mucha gente ha trabajado a lo largo de la campa\u00f1a, \u201cyo no les puedo fallar, los cerritenses no nos merecemos que nos quiten la oportunidad de tener un buen presidente municipal, porque los proyectos que Arturo tiene para Cerritos siguen, esos proyectos all\u00ed est\u00e1n, yo s\u00e9 que Arturo va a estar a m\u00ed lado, s\u00e9 que cuento con su apoyo, el proyecto que Acci\u00f3n Nacional tiene para Cerritos est\u00e1 muy por encima de un candidato y este movimiento est\u00e1 por encima de Acci\u00f3n Nacional\u201d.<br \/>\nExplic\u00f3 que por cuestiones de tiempo ya no se pueden modificar las boletas, donde asegur\u00f3 que saldr\u00e1 la foto de Arturo, pero en caso de tachar la imagen o los logos del PAN o Nueva Alianza, el voto ser\u00e1 a favor de ella.<br \/>\nAntes de despedirse, Dulce Montes volvi\u00f3 a citar una frase que Arturo pronunci\u00f3 en el primer acto al que convoc\u00f3 en el Sal\u00f3n Campestre, \u2014d\u00f3nde comenz\u00f3 su discurso con las palabras \u201cSoy candidato le pese a quien le pese\u201d\u2014, ahora su esposa, a\u00f1adir\u00eda la misma frase del Maqu\u00edo, \u201cS\u00f3lo est\u00e1 derrotado aqu\u00e9l que deja de luchar\u201d, misma que tambi\u00e9n fue mencionada en el evento del lunes nuevamente por Narv\u00e1ez.<br \/>\nMontes, reconoci\u00f3 que el tiempo para su campa\u00f1a es escaso e hizo un llamado a salir y promover el voto en favor de Acci\u00f3n Nacional.<br \/>\nEn las redes sociales, se considera que aqu\u00e9l que vaya a votar por el PRI, \u201cser\u00e1 parte de la injusticia, o tendr\u00e1 la opci\u00f3n este primero de julio, de hacer justicia\u201d.<br \/>\nCon la declaraci\u00f3n en relaci\u00f3n al nombramiento de Dulce como candidata, quedan resultas las dudas que ten\u00edan miembros activos y adherentes del PAN, en raz\u00f3n a que a nadie se le inform\u00f3 sobre la determinaci\u00f3n de elegirla pero persist\u00eda la pregunta de qui\u00e9n lo hizo.<\/p>\n","protected":false},"excerpt":{"rendered":"<p>Revela que se est\u00e1 dando una movilizaci\u00f3n de ciudadanos que no quieren que gobierne gente indeseable y corrupta Marco Serna.- En un acto que contradice lo mencionado por Arturo Narv\u00e1ez&#8230;<\/p>\n","protected":false},"author":1,"featured_media":0,"comment_status":"closed","ping_status":"open","sticky":false,"template":"","format":"standard","meta":{"footnotes":""},"categories":[463],"tags":[],"class_list":["post-3342","post","type-post","status-publish","format-standard","hentry","category-politica","entry","simple"],"_links":{"self":[{"href":"https:\/\/www.plurinominal.com.mx\/index.php?rest_route=\/wp\/v2\/posts\/3342","targetHints":{"allow":["GET"]}}],"collection":[{"href":"https:\/\/www.plurinominal.com.mx\/index.php?rest_route=\/wp\/v2\/posts"}],"about":[{"href":"https:\/\/www.plurinominal.com.mx\/index.php?rest_route=\/wp\/v2\/types\/post"}],"author":[{"embeddable":true,"href":"https:\/\/www.plurinominal.com.mx\/index.php?rest_route=\/wp\/v2\/users\/1"}],"replies":[{"embeddable":true,"href":"https:\/\/www.plurinominal.com.mx\/index.php?rest_route=%2Fwp%2Fv2%2Fcomments&post=3342"}],"version-history":[{"count":0,"href":"https:\/\/www.plurinominal.com.mx\/index.php?rest_route=\/wp\/v2\/posts\/3342\/revisions"}],"wp:attachment":[{"href":"https:\/\/www.plurinominal.com.mx\/index.php?rest_route=%2Fwp%2Fv2%2Fmedia&parent=3342"}],"wp:term":[{"taxonomy":"category","embeddable":true,"href":"https:\/\/www.plurinominal.com.mx\/index.php?rest_route=%2Fwp%2Fv2%2Fcategories&post=3342"},{"taxonomy":"post_tag","embeddable":true,"href":"https:\/\/www.plurinominal.com.mx\/index.php?rest_route=%2Fwp%2Fv2%2Ftags&post=3342"}],"curies":[{"name":"wp","href":"https:\/\/api.w.org\/{rel}","templated":true}]}}