{"id":3345,"date":"2012-06-28T01:23:27","date_gmt":"2012-06-28T06:23:27","guid":{"rendered":"http:\/\/www.plurinominal.com.mx\/?p=3345"},"modified":"2012-06-28T01:39:54","modified_gmt":"2012-06-28T06:39:54","slug":"una-barbaridad-juridica","status":"publish","type":"post","link":"https:\/\/www.plurinominal.com.mx\/?p=3345","title":{"rendered":"\u00abUna barbaridad jur\u00eddica\u00bb"},"content":{"rendered":"<figure id=\"attachment_3346\" aria-describedby=\"caption-attachment-3346\" style=\"width: 300px\" class=\"wp-caption alignright\"><a href=\"https:\/\/www.plurinominal.com.mx\/wp-content\/uploads\/4-ARTURO-N.jpg\"><img loading=\"lazy\" decoding=\"async\" class=\"size-medium wp-image-3346\" title=\"ARTURO N\" src=\"https:\/\/www.plurinominal.com.mx\/wp-content\/uploads\/4-ARTURO-N-300x165.jpg\" alt=\"\" width=\"300\" height=\"165\" srcset=\"https:\/\/www.plurinominal.com.mx\/wp-content\/uploads\/4-ARTURO-N-300x165.jpg 300w, https:\/\/www.plurinominal.com.mx\/wp-content\/uploads\/4-ARTURO-N.jpg 470w\" sizes=\"auto, (max-width: 300px) 100vw, 300px\" \/><\/a><figcaption id=\"caption-attachment-3346\" class=\"wp-caption-text\">En la imagen Arturo est\u00e1 a punto de informar a sus simpatizantes que luego de agotar todos los recursos, no pod\u00eda ser candidato a la presidencia municipal. Dentro de la bolsa derecha de su camisa, se le not\u00f3 la imagen de un Santo. FOTO: MARCO SERNA.<\/figcaption><\/figure>\n<p><em>Marco Serna.-<\/em> Ya no cab\u00eda ning\u00fan recurso. La poblaci\u00f3n ya conoc\u00eda la resoluci\u00f3n de la Sala del TRIFE y el Comit\u00e9 Municipal Electoral, tambi\u00e9n hab\u00eda comunicado la situaci\u00f3n de inelegibilidad de manera personal.<br \/>\nEl panismo hizo otro llamado urgente, para informar de manera p\u00fablica la revocaci\u00f3n de la candidatura de Arturo Narv\u00e1ez que consider\u00f3 el desenlace de su registro como \u201cuna barbaridad jur\u00eddica\u201d.<br \/>\nDe nueva cuenta, Cerritos har\u00eda historia por un acto nunca observado en la pol\u00edtica local. El derrumbe de una candidatura.<br \/>\nEl ex abanderado panista, catalog\u00f3 la impugnaci\u00f3n de la misma como \u201cuna bola de patra\u00f1as, mentiras, tranzas y trampas que hicieron los de enfrente\u201d.<br \/>\nEl Licenciado tom\u00f3 el micr\u00f3fono en el kiosco de la plaza principal cuando el reloj casi marcaba las 10:40 PM del 25 de junio, justo despu\u00e9s de que se conmemorara el d\u00eda de San Juan.<br \/>\nA Juan Arturo lo esperaban sus simpatizantes alrededor del kiosco, gritos y porras hac\u00eda lucir la valla humana obstaculizada por manos amigas que mostraban claras se\u00f1ales de apoyo. \u201cVamos Arturo\u201d. Gritaba la porra. Hubo abrazos y al llegar al kiosco, all\u00ed estaba su madre. Arturo la abraz\u00f3 fuertemente y subi\u00f3 al escenario. El notario llevaba consigo la imagen de un Santo en la bolsa de su camisa, del lado del coraz\u00f3n. Tom\u00f3 el micro e inici\u00f3 con el mensaje.<br \/>\n\u201cMuy buenas noches a todos Cerritos, gracias por escucharnos y hacer presencia en este momento\u201d. Luego vino un breve silencio.<br \/>\nEl abogado, \u201creconoci\u00f3 que no eran horas de m\u00edtines, no era un horario tampoco de convocatoria\u201d, \u201cpero aqu\u00ed estamos\u201d grit\u00f3 alguien.<br \/>\nNarv\u00e1ez continu\u00f3. \u201cHoy estamos aqu\u00ed, no para estar tristes\u201d.<br \/>\nLuego procedi\u00f3 a reconocer lo que muchos ya sab\u00edan. \u201cEfectivamente, hoy tumbaron a un candidato, pero no tumbaron al presidente municipal\u201d.<br \/>\nPosteriormente dar\u00eda lectura a cierta papeler\u00eda. Hab\u00eda sido notificado sobre la revocaci\u00f3n, tres d\u00edas antes de la reuni\u00f3n a la que convoc\u00f3 en la plaza, por ello se le dio cabal cumplimiento a un documento, puesto que all\u00ed se entend\u00eda que pod\u00edan subsanarse los requisitos omitidos y ten\u00edan margen a presentar el nuevo registro de su figura.<br \/>\nDespu\u00e9s procedi\u00f3 a manifestar que \u00e9l no pod\u00eda hacer caso a lo publicado en internet, \u201cpor m\u00e1s que salga en la p\u00e1gina del Tribunal Electoral, sabemos perfectamente que no es informaci\u00f3n oficial, como aquella que se recibe por escrito\u201d.<br \/>\nA\u00f1adi\u00f3 que se le avis\u00f3 que pod\u00edan sustituir el registro, no el candidato, \u201cprecisamente por eso lo dije muchas veces y lo sostengo, que no nos \u00edbamos a quedar sin candidato porque yo estaba atendiendo a lo que el Comit\u00e9 me dijo\u201d, pero el d\u00eda lunes a las 17:00 horas, recibi\u00f3 la notificaci\u00f3n, en el sentido de que se requer\u00eda el registro de un nuevo candidato diverso a \u00e9l.<br \/>\nExpres\u00f3 que el documento s\u00ed es una notificaci\u00f3n oficial, pero dijo no estar de acuerdo porque todos saben que naci\u00f3 en Cerritos, el 28 de mayo de 1976 a las 6:30 AM con Do\u00f1a Marieta, aqu\u00ed estudio el kinder, primaria, secundaria y preparatoria. Su residencia siempre ha estado aqu\u00ed, por ello enfatiz\u00f3 que todo se debi\u00f3 a una constancia de residencia que fue declarada como nula por un tribunal.<br \/>\nEl ex candidato afirm\u00f3 que todas las constancias de los dem\u00e1s contendientes fueron presentadas ante el Comit\u00e9 con el mismo error.<br \/>\nAcus\u00f3 al PRI de arrojar la piedra y esconder la mano, pues \u201cel \u00fanico partido que impugn\u00f3 mi candidatura fue el PRI\u201d. \u201cTienen miedo, tienen miedo\u201d, grit\u00f3 la gente.<br \/>\nRelat\u00f3 sobre las instancias que tuvieron que pasar en torno al caso, donde se confirmaba la candidatura, que fue en el municipio, para luego enviarse el expediente a San Luis potos\u00ed, a un tribunal regional de Rioverde, despu\u00e9s se present\u00f3 un recurso que se resolvi\u00f3 de nueva cuenta en la capital, instancias donde se ratific\u00f3 la candidatura, pero fue \u00fanicamente en la Sala Monterrey d\u00f3nde se orden\u00f3 un giro inesperado a la situaci\u00f3n.<br \/>\nRemarc\u00f3 que todo fue a raz\u00f3n de la mala redacci\u00f3n de su constancia de residencia, por ello pidi\u00f3 calma a quienes hicieron exclamaciones.<br \/>\nConsider\u00f3 inadecuado que la notificaci\u00f3n se realiz\u00f3 a dos d\u00edas de cerrar campa\u00f1a, \u201cquer\u00edan hacer el m\u00e1s da\u00f1o posible a Acci\u00f3n Nacional, la finalidad del PRI es muy sencilla, porque se sienten perdidos, saben perfectamente que si no es aplicando estas ma\u00f1as, aplicando estas tranzas no ganan, pero les voy a decir, con sus ma\u00f1as, con sus trampas y con sus tranzas Acci\u00f3n Nacional va a estar en la presidencia municipal\u201d.<br \/>\n\u201cSabemos perfectamente que manos de gobierno del estado est\u00e1n metidas aqu\u00ed, sabemos que funcionarios estatales est\u00e1n haciendo lo imposible porque el PAN no gane en Cerritos, sabemos perfectamente que el PRI coludido con el PRI Estatal, no quieren que gane el PAN en Cerritos, pero les tengo una noticia a propios y extra\u00f1os, lo demostramos hace muchos a\u00f1os, en Cerritos el pueblo manda no manda gobierno del estado\u201d, a lo que los asistentes gritaron en coro \u201cno m\u00e1s PRI, no m\u00e1s PRI, no m\u00e1s PRI, no m\u00e1s PRI\u201d.<br \/>\n\u201cVarios ilusos han dicho que esta resoluci\u00f3n est\u00e1n basada en mi credencial de elector\u201d, y mostr\u00f3 copia de la misma.<br \/>\nManifest\u00f3 que siempre ha vivido en Benito Ju\u00e1rez 54, \u201csoy m\u00e1s cerritense que cualquier advenedizo que venga aqu\u00ed a Cerritos a querer sacar provecho\u201d, y reafirm\u00f3 nuevamente, \u201cse los digo con la plena seguridad y confianza, soy m\u00e1s cerritense que cualquier colega no candidato advenedizo\u201d.<br \/>\nInvit\u00f3 a pensar fr\u00edamente con la cabeza, no con el est\u00f3mago ni coraz\u00f3n, antes de comenzar a explicar la f\u00f3rmula para convertirse en presidente municipal.<br \/>\nLuego, ante la cara de sorpresa de algunos, Arturo dijo \u201cvamos a hacerle caso al tribunal, no soy candidato porque no soy elegible para ser candidato a presidente municipal, pero la sentencia es clara y jam\u00e1s dice que no soy elegible para ser primer regidor\u201d.<br \/>\nArturo grit\u00f3, \u201cquiero decirles que vamos a hacer lo que la ley nos permite, y nadie, nadie, nadie, nadie, nos va a poder quitar\u201d.<br \/>\nDespu\u00e9s invit\u00f3 a pasar al frente a Alfredo Sauceda Loredo, persona que figura en la planilla, \u201cun hombre que est\u00e1 demostrando m\u00e1s panismo que muchos otros\u201d.<br \/>\nNarv\u00e1ez prosigui\u00f3, \u201cvamos a hacer lo siguiente. Su servidor se va a convertir en primer regidor, mi suplente va a ser Fili, y el candidato por 5 d\u00edas va a ser Don Alfredo, y as\u00ed como lo hizo Erasmo con Nubia, as\u00ed como Erasmo pidi\u00f3 permiso para que Nubia fuera presidenta, Don Alfredo como todo hombre y panista a carta cabal, ha manifestado claramente que en la primera acta de cabildo que se firme en presidencia el renuncia para dar paso al primer regidor\u201d. Declaraci\u00f3n que emocion\u00f3 a su gente.<br \/>\nCon esa estrategia, el fedatario manifest\u00f3 que en las boletas, aparecer\u00eda la figura de Arturo, pero si con chanchullos, no fuera as\u00ed, invit\u00f3 al electorado a no equivocarse, \u201cpara que Arturo sea presidente voten por el PAN\u201d.<br \/>\nA ese mensaje alentador, Narv\u00e1ez agreg\u00f3 que ten\u00edan la opci\u00f3n de una resistencia civil, pero descart\u00f3 lo anterior \u201cporque conf\u00edan en las instituciones\u201d.<br \/>\nEnunci\u00f3 que la determinaci\u00f3n de nombrar a Sauceda como candidato, fue una decisi\u00f3n un\u00e1nime de quienes conforman la planilla, pero a sabiendas que la decisi\u00f3n del pueblo es que Arturo sea el candidato, proceder\u00eda a declinar a su favor, por eso hizo un llamado de levantar el \u00e1nimo y \u201csacar la casta panista\u201d y cit\u00f3 de nueva cuenta a Manuel J. Clouthier.<br \/>\nEl hombre que trabaja en la Notar\u00eda n\u00famero uno de Villa de Arista, se dijo conmovido por la convocatoria, y declar\u00f3 \u201cno es para m\u00ed una obsesi\u00f3n ser presidente municipal, es para m\u00ed una obsesi\u00f3n el bien del pueblo cerritense, que Cerritos salga de la mediocridad y la ignorancia donde los han metido durante 6 a\u00f1os\u201d y reconoci\u00f3 los triunfos de Lencho, Alfredo y Aurelia.<br \/>\nAsever\u00f3 que jam\u00e1s le mintieron al pueblo, \u201cten\u00edamos que agotar hasta la \u00faltima de las instancias para hacer esto, en menos de dos horas tomamos una decisi\u00f3n y en menos de cuatro los convocamos a todos Ustedes\u201d.<br \/>\nProcedi\u00f3 a invitar a su gente al \u00faltimo mitin en la colonia Guadalupe para de all\u00ed dirigirse a festejar el cierre de campa\u00f1a al Sal\u00f3n California el martes 26 de junio, \u201cporque esto ya nadie lo detiene\u201d.<br \/>\n\u201cQuiero decirles a todos, nos han llegado hasta el l\u00edmite, y no tengan duda que su cobard\u00eda llegue a impugnar la candidatura de Don Alfredo, no me importa, la raz\u00f3n y la justicia nos asiste, el pueblo de Cerritos manda y debe de tomar la decisi\u00f3n este primero de julio\u201d.<br \/>\nReconoci\u00f3 que Cerritos enfrentaba una situaci\u00f3n hist\u00f3rica, y grit\u00f3 \u201ctumbaron a un candidato pero no a un Presidente Municipal\u201d.<br \/>\nRelat\u00f3 que al saber la decisi\u00f3n de la sala e informarla a su equipo de trabajo, \u201chubo l\u00e1grimas, coraje, y rabia, pero sobre todo inteligencia, nosotros vamos a hacer nuestra chamba, vamos a lograr que por voluntad de Ustedes, me conviertan en el primer regidor y por voluntad del pueblo cerritense vamos a ser presidente municipal\u201d.<br \/>\nApunt\u00f3 el escaso tiempo de dos d\u00edas para hacer la labor que se hizo en casi dos meses, ahora con el af\u00e1n de dar a conocer el plan, por ello invit\u00f3 a todos a difundirlo, as\u00ed como tambi\u00e9n a difundir la petici\u00f3n del voto.<br \/>\nRet\u00f3 a los medios de comunicaci\u00f3n a pedir al Comit\u00e9 Municipal Electoral copia de las constancias de residencia de cada uno de los candidatos y descart\u00f3 que \u00e9l haya cometido cualquier error, puesto que todas se presentaron en los mismos t\u00e9rminos, por eso dijo abiertamente que se retirar\u00eda si \u00fanicamente la de \u00e9l era diferente.<br \/>\nAntes de las 23:30 PM, el Licenciado dijo, \u201cesto fue una barbaridad jur\u00eddica, no s\u00e9 qu\u00e9 tantos hilos movieron, y no s\u00e9 qu\u00e9 tanta gente de gobierno del estado movieron, pero lo digo abierta y claramente, si hay funcionarios de primer nivel de gobierno del estado metiendo las manos aqu\u00ed en Cerritos, aunque fuese el gobernador, el secretario del gobierno, fuese quien sea, no van a poder con la voluntad del pueblo cerritense, porque este primero de julio Ustedes deciden y juntos ganamos\u201d.<br \/>\nAl t\u00e9rmino del acto, se inici\u00f3 una marcha.<br \/>\nLa ma\u00f1ana del martes Plurinominal se entrevist\u00f3 en la capital con el Arquitecto Arturo Ramos Medell\u00edn, Secretario del CDE del PAN en un restaurante que se ubica a un costado de la Plaza de Armas. Dijo desconocer sobre la estrategia, as\u00ed como tambi\u00e9n sobre la figura de Sauceda.<br \/>\nFue a trav\u00e9s de un bolet\u00edn de prensa firmado por Marco Antonio Gama Basarte que se anunci\u00f3 m\u00e1s tarde a Dulce Montes, esposa de Juan Arturo Narv\u00e1ez como candidata panista a la presidencia municipal de Cerritos, aunque todav\u00eda faltaba el tr\u00e1mite del registro.<br \/>\nAcci\u00f3n Nacional cerr\u00f3 campa\u00f1a este martes 26 de junio despu\u00e9s del mitin llevado a cabo en la Colonia Guadalupe, para enfilarse a la fiesta grande en el Sal\u00f3n California.<\/p>\n","protected":false},"excerpt":{"rendered":"<p>Marco Serna.- Ya no cab\u00eda ning\u00fan recurso. La poblaci\u00f3n ya conoc\u00eda la resoluci\u00f3n de la Sala del TRIFE y el Comit\u00e9 Municipal Electoral, tambi\u00e9n hab\u00eda comunicado la situaci\u00f3n de inelegibilidad&#8230;<\/p>\n","protected":false},"author":1,"featured_media":0,"comment_status":"closed","ping_status":"open","sticky":false,"template":"","format":"standard","meta":{"footnotes":""},"categories":[463],"tags":[],"class_list":["post-3345","post","type-post","status-publish","format-standard","hentry","category-politica","entry","simple"],"_links":{"self":[{"href":"https:\/\/www.plurinominal.com.mx\/index.php?rest_route=\/wp\/v2\/posts\/3345","targetHints":{"allow":["GET"]}}],"collection":[{"href":"https:\/\/www.plurinominal.com.mx\/index.php?rest_route=\/wp\/v2\/posts"}],"about":[{"href":"https:\/\/www.plurinominal.com.mx\/index.php?rest_route=\/wp\/v2\/types\/post"}],"author":[{"embeddable":true,"href":"https:\/\/www.plurinominal.com.mx\/index.php?rest_route=\/wp\/v2\/users\/1"}],"replies":[{"embeddable":true,"href":"https:\/\/www.plurinominal.com.mx\/index.php?rest_route=%2Fwp%2Fv2%2Fcomments&post=3345"}],"version-history":[{"count":0,"href":"https:\/\/www.plurinominal.com.mx\/index.php?rest_route=\/wp\/v2\/posts\/3345\/revisions"}],"wp:attachment":[{"href":"https:\/\/www.plurinominal.com.mx\/index.php?rest_route=%2Fwp%2Fv2%2Fmedia&parent=3345"}],"wp:term":[{"taxonomy":"category","embeddable":true,"href":"https:\/\/www.plurinominal.com.mx\/index.php?rest_route=%2Fwp%2Fv2%2Fcategories&post=3345"},{"taxonomy":"post_tag","embeddable":true,"href":"https:\/\/www.plurinominal.com.mx\/index.php?rest_route=%2Fwp%2Fv2%2Ftags&post=3345"}],"curies":[{"name":"wp","href":"https:\/\/api.w.org\/{rel}","templated":true}]}}