{"id":3373,"date":"2012-06-26T19:57:05","date_gmt":"2012-06-27T00:57:05","guid":{"rendered":"http:\/\/www.plurinominal.com.mx\/?p=3373"},"modified":"2012-06-30T19:57:31","modified_gmt":"2012-07-01T00:57:31","slug":"desde-el-principio-se-contemplaba-la-impugnacion","status":"publish","type":"post","link":"https:\/\/www.plurinominal.com.mx\/?p=3373","title":{"rendered":"Desde el principio se contemplaba la impugnaci\u00f3n"},"content":{"rendered":"<p><em>Francisco V. y equipo de redacci\u00f3n.-<\/em> A ra\u00edz de la confusi\u00f3n generada por Acci\u00f3n Nacional al resistirse a reconocer el fallo de la Sala Regional del Tribunal Electoral de la Federaci\u00f3n hasta agotar todos los recursos, ciudadanos que simpatizan con Gregorio Carbajal argumentaron que desde el principio Juan Arturo Narv\u00e1ez Banda sab\u00eda que iba a ser impugnado.<br \/>\nAhora los propios simpatizantes del albiazul, son testigos de c\u00f3mo ese grupo culpa no s\u00f3lo al PRI al interponer la demanda, tambi\u00e9n a la Secretaria General del H. Ayuntamiento, al mismo gobernador del estado y funcionarios gubernamentales de primer nivel, a quienes se acusa \u201cde tener metidas las manos en el proceso pol\u00edtico de Cerritos\u201d.<br \/>\nSe sabe que tras la demanda, el equipo jur\u00eddico del notario tuvo la responsabilidad de revisar todos y cada uno de los documentos con los cuales comprobar\u00eda su residencia.<br \/>\nQuienes estudiaron la copia de la resoluci\u00f3n y video donde los Magistrado resuelven, sin ser abogados comprenden el fallo de la sala TRIFE, pero ha quedado al descubierto que se intentaron cometer actos ajenos a todo proceso electoral.<br \/>\nP\u00fablicamente, tampoco se inform\u00f3 a los panistas sobre las impugnaciones que se hicieron en cuanto a la candidatura. En total fueron nueve los agravios, pero los magistrados \u00fanicamente tomaron el primero, dejando atr\u00e1s el estudio de las dem\u00e1s cuestiones, aprovechando el detalle de la constancia de residencia, agravio suficiente para considerarlo inelegible.<br \/>\nSobre la estrategia que pretend\u00eda realizar Juan Arturo Narv\u00e1ez Banda con tal de ser el Presidente municipal, \u2014misma que se hizo p\u00fablica ante sus seguidores el lunes\u2014 se consider\u00f3 a esta como ilegal, y \u201ctambi\u00e9n ser\u00eda materia de impugnaci\u00f3n\u201d.<br \/>\n\u201cArturo Narv\u00e1ez pudo ser primer Regidor desde el principio, pero ahora no puede figurar como tal ya que el tiempo electoral para ello concluy\u00f3\u201d. Se explic\u00f3 a Plurinominal.<br \/>\nJuristas locales, se\u00f1alaron que para el caso pretendido por Acci\u00f3n Nacional y su ex candidato, debe existir jurisprudencia al respecto, para evitar el enrosque pretendido.<br \/>\nEl candidato quer\u00eda ser primer Regidor y Alfredo Sauceda el candidato y, de ganar, en la primera asamblea el Presidente electo renunciar\u00eda a favor del Licenciado.<br \/>\nNarv\u00e1ez finalmente acept\u00f3 su inelegibilidad acordada por el tribunal, luego busc\u00f3 el modo de colocar a alguien que le ayudara a encontrar el objetivo inicial, aunque se desconoce qu\u00e9 fue lo que finalmente orill\u00f3 a los panistas a poner a la esposa de Narv\u00e1ez en sustituci\u00f3n del Notario, pues al d\u00eda siguiente Plurinominal comprob\u00f3 que el secretario del CDE no estaba enterado del plan revelado la noche del lunes, y ni siquiera le sonaba el nombre de Alfredo Sauceda.<br \/>\nAhora, la candidatura de Dulce Montes cae en el problema de la equidad de g\u00e9nero, pues seg\u00fan la conformaci\u00f3n de la planilla, el candidato debi\u00f3 de ser un hombre.<br \/>\nLos ciudadanos recordaron, que Cerritos en materia pol\u00edtica ha figurado en las primeras planas de los medios de informaci\u00f3n. Somos hasta ahora el \u00fanico municipio donde se ha realizado un plebiscito en el a\u00f1o del 1995, cuando Acci\u00f3n Nacional reclamaba un triunfo electoral. Para salir de dudas el gobernador del estado de aqu\u00e9l entonces Horacio S\u00e1nchez Unzueta propuso la soluci\u00f3n.<br \/>\nTambi\u00e9n Cerritos fue uno de los municipios en donde por primera ocasi\u00f3n ganaba Acci\u00f3n Nacional una Presidencia Municipal, pero en esta contienda electoral el municipio tambi\u00e9n hace historia, ya que fuimos el primer lugar donde \u201cal cuarto para las 12\u201d se tumba un candidato a Presidente Municipal.<\/p>\n","protected":false},"excerpt":{"rendered":"<p>Francisco V. y equipo de redacci\u00f3n.- A ra\u00edz de la confusi\u00f3n generada por Acci\u00f3n Nacional al resistirse a reconocer el fallo de la Sala Regional del Tribunal Electoral de la&#8230;<\/p>\n","protected":false},"author":1,"featured_media":0,"comment_status":"closed","ping_status":"open","sticky":false,"template":"","format":"standard","meta":{"footnotes":""},"categories":[463],"tags":[],"class_list":["post-3373","post","type-post","status-publish","format-standard","hentry","category-politica","entry","simple"],"_links":{"self":[{"href":"https:\/\/www.plurinominal.com.mx\/index.php?rest_route=\/wp\/v2\/posts\/3373","targetHints":{"allow":["GET"]}}],"collection":[{"href":"https:\/\/www.plurinominal.com.mx\/index.php?rest_route=\/wp\/v2\/posts"}],"about":[{"href":"https:\/\/www.plurinominal.com.mx\/index.php?rest_route=\/wp\/v2\/types\/post"}],"author":[{"embeddable":true,"href":"https:\/\/www.plurinominal.com.mx\/index.php?rest_route=\/wp\/v2\/users\/1"}],"replies":[{"embeddable":true,"href":"https:\/\/www.plurinominal.com.mx\/index.php?rest_route=%2Fwp%2Fv2%2Fcomments&post=3373"}],"version-history":[{"count":0,"href":"https:\/\/www.plurinominal.com.mx\/index.php?rest_route=\/wp\/v2\/posts\/3373\/revisions"}],"wp:attachment":[{"href":"https:\/\/www.plurinominal.com.mx\/index.php?rest_route=%2Fwp%2Fv2%2Fmedia&parent=3373"}],"wp:term":[{"taxonomy":"category","embeddable":true,"href":"https:\/\/www.plurinominal.com.mx\/index.php?rest_route=%2Fwp%2Fv2%2Fcategories&post=3373"},{"taxonomy":"post_tag","embeddable":true,"href":"https:\/\/www.plurinominal.com.mx\/index.php?rest_route=%2Fwp%2Fv2%2Ftags&post=3373"}],"curies":[{"name":"wp","href":"https:\/\/api.w.org\/{rel}","templated":true}]}}