{"id":3378,"date":"2012-06-28T20:12:46","date_gmt":"2012-06-29T01:12:46","guid":{"rendered":"http:\/\/www.plurinominal.com.mx\/?p=3378"},"modified":"2012-06-30T20:13:32","modified_gmt":"2012-07-01T01:13:32","slug":"asaltaron-la-gasera-de-comvicsa","status":"publish","type":"post","link":"https:\/\/www.plurinominal.com.mx\/?p=3378","title":{"rendered":"Asaltaron la gasera de COMVICSA"},"content":{"rendered":"<ul>\n<li>Lenta respuesta de cuerpos policiacos<\/li>\n<\/ul>\n<p><em>Redacci\u00f3n.- <\/em>Dos sujetos desconocidos amagaron con una pistola al encargado de la gasera COMVICSA, el lunes 25 de junio en la tarde, para asaltarlo y quitarle 4 MIL QUINIENTOS PESOS en efectivo.<br \/>\nPlurinominal logr\u00f3 conocer que los ladrones escaparon y que en parte ayud\u00f3 que las corporaciones policiacas no respondieron de forma r\u00e1pida. Hubo incluso alguna instancia policiaca que no contest\u00f3 el tel\u00e9fono, seg\u00fan fue declarado por el afectado en la denuncia que present\u00f3 en la agencia ministerial de nuestro municipio.<br \/>\nPor informaci\u00f3n que trascendi\u00f3, se sabe que cerca de las 18:00 horas en las instalaciones de COMVICSA, estuvieron dos sujetos, uno gordo, de bigote y otro m\u00e1s chaparro que tra\u00eda puesto short y playera caf\u00e9, ambos de una edad de m\u00e1s de 30 a\u00f1os, que amenazaron con una pistola al encargado de la gasera, que al parecer se encontraba solo en las instalaciones, porque en la empresa no se tienen elementos de seguridad privada.<br \/>\nInformaci\u00f3n proporcionada a Plurinominal indica que el asaltado fue amarrado de las manos, pero antes lo obligaron a entregar el efectivo que se hab\u00eda ganado durante la tarde en las ventas de gas, que en total fueron 4 MIL QUINIENTOS PESOS. Se menciona que tambi\u00e9n le quitaron el celular, por eso no pudo llamar enseguida a los cuerpos policiacos.<br \/>\nSe tiene conocimiento que en el momento en que lleg\u00f3 el primer cliente, fue como intent\u00f3 comunicarse a las corporaciones, pero hubo una en donde no le contestaron el tel\u00e9fono, as\u00ed es que para cuando lleg\u00f3 la primera patrulla del estado, ya hab\u00edan pasado m\u00e1s de 20 minutos del atraco. Polic\u00edas estatales caminaron a los alrededores de la gasera, pero no encontraron pistas.<br \/>\nPara que se inicie la investigaci\u00f3n, el asaltado se dirigi\u00f3, acompa\u00f1ado por su jefe, a la agencia ministerial de Cerritos, ah\u00ed pudo ser captado por Plurinominal antes de presentar su declaraci\u00f3n.<\/p>\n","protected":false},"excerpt":{"rendered":"<p>Lenta respuesta de cuerpos policiacos Redacci\u00f3n.- Dos sujetos desconocidos amagaron con una pistola al encargado de la gasera COMVICSA, el lunes 25 de junio en la tarde, para asaltarlo y&#8230;<\/p>\n","protected":false},"author":1,"featured_media":0,"comment_status":"closed","ping_status":"open","sticky":false,"template":"","format":"standard","meta":{"footnotes":""},"categories":[465],"tags":[],"class_list":["post-3378","post","type-post","status-publish","format-standard","hentry","category-policia-2","entry","simple"],"_links":{"self":[{"href":"https:\/\/www.plurinominal.com.mx\/index.php?rest_route=\/wp\/v2\/posts\/3378","targetHints":{"allow":["GET"]}}],"collection":[{"href":"https:\/\/www.plurinominal.com.mx\/index.php?rest_route=\/wp\/v2\/posts"}],"about":[{"href":"https:\/\/www.plurinominal.com.mx\/index.php?rest_route=\/wp\/v2\/types\/post"}],"author":[{"embeddable":true,"href":"https:\/\/www.plurinominal.com.mx\/index.php?rest_route=\/wp\/v2\/users\/1"}],"replies":[{"embeddable":true,"href":"https:\/\/www.plurinominal.com.mx\/index.php?rest_route=%2Fwp%2Fv2%2Fcomments&post=3378"}],"version-history":[{"count":0,"href":"https:\/\/www.plurinominal.com.mx\/index.php?rest_route=\/wp\/v2\/posts\/3378\/revisions"}],"wp:attachment":[{"href":"https:\/\/www.plurinominal.com.mx\/index.php?rest_route=%2Fwp%2Fv2%2Fmedia&parent=3378"}],"wp:term":[{"taxonomy":"category","embeddable":true,"href":"https:\/\/www.plurinominal.com.mx\/index.php?rest_route=%2Fwp%2Fv2%2Fcategories&post=3378"},{"taxonomy":"post_tag","embeddable":true,"href":"https:\/\/www.plurinominal.com.mx\/index.php?rest_route=%2Fwp%2Fv2%2Ftags&post=3378"}],"curies":[{"name":"wp","href":"https:\/\/api.w.org\/{rel}","templated":true}]}}