{"id":3381,"date":"2012-06-30T21:03:59","date_gmt":"2012-07-01T02:03:59","guid":{"rendered":"http:\/\/www.plurinominal.com.mx\/?p=3381"},"modified":"2012-06-30T21:13:41","modified_gmt":"2012-07-01T02:13:41","slug":"la-opinion-de-un-ciudadano","status":"publish","type":"post","link":"https:\/\/www.plurinominal.com.mx\/?p=3381","title":{"rendered":"La opini\u00f3n de un ciudadano"},"content":{"rendered":"<figure id=\"attachment_3382\" aria-describedby=\"caption-attachment-3382\" style=\"width: 234px\" class=\"wp-caption alignright\"><a href=\"https:\/\/www.plurinominal.com.mx\/wp-content\/uploads\/2-chavira-copia.jpg\"><img loading=\"lazy\" decoding=\"async\" class=\"size-full wp-image-3382\" title=\"Dr. Chavira Cervantes.\" src=\"https:\/\/www.plurinominal.com.mx\/wp-content\/uploads\/2-chavira-copia.jpg\" alt=\"\" width=\"234\" height=\"176\" \/><\/a><figcaption id=\"caption-attachment-3382\" class=\"wp-caption-text\">Dr. Rodolfo Chavira. Quiso opinar sobre el panorama pol\u00edtico local.<\/figcaption><\/figure>\n<p><em>Marco Serna.-<\/em> Sobre los temas pol\u00edticos de relevancia que envuelven tanto a los partidos pol\u00edticos, como a la prensa local y opini\u00f3n p\u00fablica, el Doctor Rodolfo Chavira Cervantes, manifest\u00f3 a Plurinominal su punto de vista.<br \/>\nReconoci\u00f3 que a diferencia de otras etapas, ahora se cuenta con el internet y las redes sociales, \u201cdonde es dif\u00edcil que prevalezca la desinformaci\u00f3n e hipocres\u00eda, porque al sumarse elementos o evidencias legales no existen cuestionamientos\u201d.<br \/>\nSobre los candidatos, manifest\u00f3 que conoce a los contendientes desde que eran ni\u00f1os. \u201cTengo la mejor opini\u00f3n de todos, aunque como humanos cometemos errores\u201d.<br \/>\nSobre la postura del PAN que se mantuvo anunciando casi hasta el final a Narv\u00e1ez como candidato, el Doctor manifest\u00f3, \u201cyo lo veo como que estaban procurando mantener una estrategia, de negarse a hacer p\u00fablicas las resoluciones que la gente informada, que navega en internet, que lee los peri\u00f3dicos ya conoc\u00eda, pero tambi\u00e9n reconozco que la informaci\u00f3n se dio bien desde el principio\u201d.<br \/>\nChavira Cervantes manifest\u00f3 que el sentido de la resoluci\u00f3n fue claro y sencillo de entender desde el inicio. \u201cYo efectivamente estaba esperando que el PAN nombrara su nuevo candidato, claro, la ley en ratos se va por cuestiones que meramente no se justifican, por absurdos, y esto pr\u00e1cticamente no tiene peso moral, porque Arturo moralmente es elegible, pero en cuanto a derecho no lo es\u201d.<br \/>\nEl profesionista consider\u00f3 que Narv\u00e1ez \u201cno merec\u00eda que se le hiciera todo esto, por un argumento tan d\u00e9bil, pero v\u00e1lido, \u00e9l es tan cerritense como Carlos, Jorge y Javier, ahora el pueblo decidir\u00e1, el pueblo es inteligente y va a decidir bien\u201d.<br \/>\nDijo que los contendientes son \u201cciudadanos ejemplares\u201d, y cree que el solicitar la intervenci\u00f3n de los tribunales para resolver una cuesti\u00f3n, no es otra cosa que \u201cel inter\u00e9s que tienen por gobernar\u201d.<br \/>\n\u201cTodos merecen mi respeto y mi apoyo, quede quien quede, creo que esto debe ser general, la madurez en cuanto a elegir a nuestros gobernantes nos obliga a comprometernos no con uno, terminada la contienda tenemos la obligaci\u00f3n de sumarnos al esfuerzo de quien nos represente a todos, eso se va a ir logrando, es un proceso, est\u00e1n para cumplir y hacer cumplir la ley.<br \/>\nSobre los medios y las personas que en la localidad se dedican al periodismo, manifest\u00f3 que es un trabajo \u201cmuy delicado\u201d.<br \/>\n\u201cUn peri\u00f3dico conformista que haga lo que le dicen los dem\u00e1s, es un peri\u00f3dico que no vale la pena\u201d.<br \/>\nEl Oftalm\u00f3logo que ha estado al pendiente de Plurinominal desde sus inicios, reconoci\u00f3 el avance e indic\u00f3 que \u201cya era necesario un peri\u00f3dico de Cerritos, porque as\u00ed se evita el rumor, es sano tener una cr\u00f3nica escrita de la historia de nuestro pueblo, Usted (en referencia al reportero) est\u00e1 pasando a la historia del pueblo de una manera honrosa, y las agresiones son gajes del oficio, no tienen nada de extraordinario, es algo normal, ojal\u00e1 y la madurez de los ciudadanos sea en el sentido de ir reconociendo el trabajo, porque esto es un trabajo como el m\u00edo, algo que debe ser reconocido y respetado, que nadie le va a dar m\u00e1s valor ni respeto que el propio sujeto que lo ejerce, mi trabajo no va a ser respetable por decreto, a pulso se gana el repudio o el respeto, pero yo creo que en este caso vamos bien, pese a las opiniones encontradas que pueda haber, yo que he visto crecer el pueblo, que participo en la construcci\u00f3n a mi manera de Cerritos, que me siento parte de \u00e9l, le reconozco su honestidad y valent\u00eda, porque sabiendo que se expon\u00eda Usted f\u00edsicamente a que lo agredieran o dijeran cosas en la calle, siempre nos mantuvo informados\u201d.<br \/>\nRodolfo Chavira, concluy\u00f3 en que los hechos que marcaron a Cerritos en cuanto al derrumbe de una candidatura, nos llevar\u00e1n a que la sociedad madure y alg\u00fan d\u00eda tomar\u00e1 respeto por el periodismo. \u201cVan a ver lo valioso y \u00fatil que resulta para todos, porque yo creo que una sociedad donde se tiene acceso a toda informaci\u00f3n de distintos \u00f3rdenes, es una sociedad libre, una sociedad informada tiene posibilidades de crecimiento. Los grupos humanos siempre estamos en evoluci\u00f3n, porque tanto la \u00e9tica del informante como la de cualquier profesi\u00f3n se basa en honrar la verdad\u201d.<br \/>\nEl entrevistado retom\u00f3 el tema de la estrategia panista, \u201ces algo v\u00e1lido, as\u00ed como los pri\u00edstas usaron un argumento tan d\u00e9bil, legalmente permitido, una transgresi\u00f3n \u00e9tica en un asunto meramente administrativo, as\u00ed el PAN quiso hacer tiempo y esto fue razonable. Tal vez la Suprema Corte pudo haber fallado a favor de Arturo, pero ya no hab\u00eda tiempo, aunque argumentos sobran, creo que fue una experiencia que hay que tomar en cuenta para futuros aprendizajes. Estamos viendo como el derecho a veces deja dudas, pero as\u00ed tiene que ser. Si todo fuera recto no ocupar\u00edamos el derecho\u201d.<br \/>\n\u201cEl peri\u00f3dico hizo lo correcto, yo no he dicho nunca que Arturo hizo lo incorrecto, el implement\u00f3 su estrategia y por otra parte el PRI hizo valer sus argumentos que les dieron resultados, por eso es muy interesante el asunto, donde la sala hizo tambi\u00e9n lo suyo. Cerritos siempre ha sido muy inquieto en cuesti\u00f3n de pol\u00edtica, y ahora nuestros descendientes tendr\u00e1n una visi\u00f3n todav\u00eda mejor que la nuestra\u201d. Puntualiz\u00f3 el Doctor.<\/p>\n","protected":false},"excerpt":{"rendered":"<p>Marco Serna.- Sobre los temas pol\u00edticos de relevancia que envuelven tanto a los partidos pol\u00edticos, como a la prensa local y opini\u00f3n p\u00fablica, el Doctor Rodolfo Chavira Cervantes, manifest\u00f3 a&#8230;<\/p>\n","protected":false},"author":1,"featured_media":0,"comment_status":"closed","ping_status":"open","sticky":false,"template":"","format":"standard","meta":{"footnotes":""},"categories":[3,5],"tags":[],"class_list":["post-3381","post","type-post","status-publish","format-standard","hentry","category-cerritos","category-opinion","entry","simple"],"_links":{"self":[{"href":"https:\/\/www.plurinominal.com.mx\/index.php?rest_route=\/wp\/v2\/posts\/3381","targetHints":{"allow":["GET"]}}],"collection":[{"href":"https:\/\/www.plurinominal.com.mx\/index.php?rest_route=\/wp\/v2\/posts"}],"about":[{"href":"https:\/\/www.plurinominal.com.mx\/index.php?rest_route=\/wp\/v2\/types\/post"}],"author":[{"embeddable":true,"href":"https:\/\/www.plurinominal.com.mx\/index.php?rest_route=\/wp\/v2\/users\/1"}],"replies":[{"embeddable":true,"href":"https:\/\/www.plurinominal.com.mx\/index.php?rest_route=%2Fwp%2Fv2%2Fcomments&post=3381"}],"version-history":[{"count":0,"href":"https:\/\/www.plurinominal.com.mx\/index.php?rest_route=\/wp\/v2\/posts\/3381\/revisions"}],"wp:attachment":[{"href":"https:\/\/www.plurinominal.com.mx\/index.php?rest_route=%2Fwp%2Fv2%2Fmedia&parent=3381"}],"wp:term":[{"taxonomy":"category","embeddable":true,"href":"https:\/\/www.plurinominal.com.mx\/index.php?rest_route=%2Fwp%2Fv2%2Fcategories&post=3381"},{"taxonomy":"post_tag","embeddable":true,"href":"https:\/\/www.plurinominal.com.mx\/index.php?rest_route=%2Fwp%2Fv2%2Ftags&post=3381"}],"curies":[{"name":"wp","href":"https:\/\/api.w.org\/{rel}","templated":true}]}}