{"id":3391,"date":"2012-07-01T16:23:38","date_gmt":"2012-07-01T21:23:38","guid":{"rendered":"http:\/\/www.plurinominal.com.mx\/?p=3391"},"modified":"2012-07-01T16:47:26","modified_gmt":"2012-07-01T21:47:26","slug":"reportan-atentado-contra-el-tule-silva","status":"publish","type":"post","link":"https:\/\/www.plurinominal.com.mx\/?p=3391","title":{"rendered":"Reportan \u00abatentado\u00bb contra El Tule SIlva"},"content":{"rendered":"<p><em>Redacci\u00f3n, 16:15 PM.-<\/em> Un atentado por hombres sospechosos, fue denunciado hace unos momentos en Villa Ju\u00e1rez, resultando afectado Gertrudis Silva, conocido tambi\u00e9n como \u201cEl Tule\u201d, candidato del Partido del Trabajo en Villa Ju\u00e1rez y m\u00e1s cercano a su rival del PAN Ignacio Chavira.<br \/>\nSe inform\u00f3 que los hechos sucedieron hace unos momentos. Se dio aviso de un autom\u00f3vil con hombres encapuchados desde anoche. Polic\u00edas del estado lograron detener a los delincuentes aunque se dijo que personal de presidencia quiso interceder para liberarlos.<br \/>\nHoy, personal del candidato, al ver a los sospechos dio aviso inmediato a polic\u00edas federales porque se tem\u00eda un secuestro, pero al no llegar se solicit\u00f3 la presencia de los estatales, quienes al detenerlos a casi 20 metros de la casa del candidato, encontraron elementos bastantes para detenerlos como fueron m\u00e1scaras entre las pertenencias de los detenidos.<\/p>\n","protected":false},"excerpt":{"rendered":"<p>Redacci\u00f3n, 16:15 PM.- Un atentado por hombres sospechosos, fue denunciado hace unos momentos en Villa Ju\u00e1rez, resultando afectado Gertrudis Silva, conocido tambi\u00e9n como \u201cEl Tule\u201d, candidato del Partido del Trabajo&#8230;<\/p>\n","protected":false},"author":1,"featured_media":0,"comment_status":"closed","ping_status":"open","sticky":false,"template":"","format":"standard","meta":{"footnotes":""},"categories":[463],"tags":[],"class_list":["post-3391","post","type-post","status-publish","format-standard","hentry","category-politica","entry","simple"],"_links":{"self":[{"href":"https:\/\/www.plurinominal.com.mx\/index.php?rest_route=\/wp\/v2\/posts\/3391","targetHints":{"allow":["GET"]}}],"collection":[{"href":"https:\/\/www.plurinominal.com.mx\/index.php?rest_route=\/wp\/v2\/posts"}],"about":[{"href":"https:\/\/www.plurinominal.com.mx\/index.php?rest_route=\/wp\/v2\/types\/post"}],"author":[{"embeddable":true,"href":"https:\/\/www.plurinominal.com.mx\/index.php?rest_route=\/wp\/v2\/users\/1"}],"replies":[{"embeddable":true,"href":"https:\/\/www.plurinominal.com.mx\/index.php?rest_route=%2Fwp%2Fv2%2Fcomments&post=3391"}],"version-history":[{"count":0,"href":"https:\/\/www.plurinominal.com.mx\/index.php?rest_route=\/wp\/v2\/posts\/3391\/revisions"}],"wp:attachment":[{"href":"https:\/\/www.plurinominal.com.mx\/index.php?rest_route=%2Fwp%2Fv2%2Fmedia&parent=3391"}],"wp:term":[{"taxonomy":"category","embeddable":true,"href":"https:\/\/www.plurinominal.com.mx\/index.php?rest_route=%2Fwp%2Fv2%2Fcategories&post=3391"},{"taxonomy":"post_tag","embeddable":true,"href":"https:\/\/www.plurinominal.com.mx\/index.php?rest_route=%2Fwp%2Fv2%2Ftags&post=3391"}],"curies":[{"name":"wp","href":"https:\/\/api.w.org\/{rel}","templated":true}]}}