{"id":3426,"date":"2012-07-03T19:34:03","date_gmt":"2012-07-04T00:34:03","guid":{"rendered":"http:\/\/www.plurinominal.com.mx\/?p=3426"},"modified":"2012-07-03T19:34:03","modified_gmt":"2012-07-04T00:34:03","slug":"dos-musicos-muertos","status":"publish","type":"post","link":"https:\/\/www.plurinominal.com.mx\/?p=3426","title":{"rendered":"Dos m\u00fasicos muertos"},"content":{"rendered":"<ul>\n<li>No alcanzaron a tocar en quincea\u00f1era del Sa\u00faz<\/li>\n<\/ul>\n<figure id=\"attachment_3427\" aria-describedby=\"caption-attachment-3427\" style=\"width: 283px\" class=\"wp-caption alignright\"><a href=\"https:\/\/www.plurinominal.com.mx\/wp-content\/uploads\/ACCIDENTE-RENOVACION.jpg\"><img loading=\"lazy\" decoding=\"async\" class=\"size-full wp-image-3427\" title=\"ACCIDENTE RENOVACION\" src=\"https:\/\/www.plurinominal.com.mx\/wp-content\/uploads\/ACCIDENTE-RENOVACION.jpg\" alt=\"\" width=\"283\" height=\"212\" \/><\/a><figcaption id=\"caption-attachment-3427\" class=\"wp-caption-text\">El accidente cobr\u00f3 la vida de los dos artistas.<\/figcaption><\/figure>\n<p><em>Marco Serna.-<\/em> Dos integrantes de un grupo de corte norte\u00f1o llamado \u201cRenovaci\u00f3n\u201d, murieron antes de llegar a tocar a una quincea\u00f1era en la localidad de El Sauz, comunidad perteneciente a Cerritos.<br \/>\nContra los familiares, en uno de los casos se podr\u00eda iniciar una averiguaci\u00f3n penal por la omisi\u00f3n cometida en el hospital, de donde fue sacado uno de los cuerpos sin permiso de la Ministerial.<br \/>\nSe sabe que el fatal accidente se registr\u00f3 en el kil\u00f3metro 19 de la carretera Cerritos-entronque carretera Tula, el jueves 28 de junio cerca de las 18:00 horas. Plurinominal conoci\u00f3 que este sitio se encuentra a la altura del puente de acceso a los caminos que llevan a Guadalc\u00e1zar y Colonia Agr\u00edcola.<br \/>\nInformaci\u00f3n facilitada por el Estado, revela el accidente que ocurri\u00f3 debido a la imprudencia del conductor de la camioneta de los m\u00fasicos, que se trasportaban en una Cherokee, color rojo, que se atraves\u00f3 en la carretera cuando pasaba un tr\u00e1iler que tra\u00eda remolcados nueve autom\u00f3viles del a\u00f1o, 7 de la l\u00ednea Renault y 2 de la Nissan, que quedaron seriamente da\u00f1ados al ocurrir el impacto y volcarse el tr\u00e1iler de la marca Freightliner con placas de circulaci\u00f3n 678-AH3 del Servicio P\u00fablico Federal.<br \/>\nCon lesiones resultaron David Castillo Mu\u00f1iz, el menor Jos\u00e9 Guadalupe Castillo Gonz\u00e1lez, Carlos Ruiz Flores, Nicol\u00e1s Cantero y Bernab\u00e9 Castillo Rodr\u00edguez, de 60 a\u00f1os, padre de la persona que muri\u00f3 en el momento del choque, Jes\u00fas Castillo Mu\u00f1iz, que es hermano del vocalista David Castillo.<br \/>\nPara m\u00e1s tarde fue confirmada la muerte de Gildardo Ch\u00e1vez Requena, que qued\u00f3 dentro del hospital siendo atendido.<br \/>\nHa sido confirmado a Plurinominal que por el modo en que se entreg\u00f3 el cuerpo de Gildardo, se abrir\u00e1 una investigaci\u00f3n en contra de personal del Seguro porque no dejaron que se diera fe del fallecimiento. En la investigaci\u00f3n estar\u00edan incluidos familiares que fueron los que reclamaron el cad\u00e1ver.<br \/>\nPolic\u00edas ministeriales y estatales, tambi\u00e9n ser\u00edan llamados a declarar por otra situaci\u00f3n de conflicto que se dio en el lugar del accidente. Hubo diferencias con el ministerio p\u00fablico que al parecer se encontraba en estado de ebriedad.<br \/>\nTras el percance la corporaci\u00f3n policiaca manifest\u00f3 desconocer el paradero del conductor del tracto cami\u00f3n, que se dijo, emprendi\u00f3 la huida perdi\u00e9ndose entre la maleza para evitar ser detenido por el delito de homicidio culposo.<\/p>\n","protected":false},"excerpt":{"rendered":"<p>No alcanzaron a tocar en quincea\u00f1era del Sa\u00faz Marco Serna.- Dos integrantes de un grupo de corte norte\u00f1o llamado \u201cRenovaci\u00f3n\u201d, murieron antes de llegar a tocar a una quincea\u00f1era en&#8230;<\/p>\n","protected":false},"author":1,"featured_media":0,"comment_status":"closed","ping_status":"open","sticky":false,"template":"","format":"standard","meta":{"footnotes":""},"categories":[6,465],"tags":[],"class_list":["post-3426","post","type-post","status-publish","format-standard","hentry","category-guadalcazar","category-policia-2","entry","simple"],"_links":{"self":[{"href":"https:\/\/www.plurinominal.com.mx\/index.php?rest_route=\/wp\/v2\/posts\/3426","targetHints":{"allow":["GET"]}}],"collection":[{"href":"https:\/\/www.plurinominal.com.mx\/index.php?rest_route=\/wp\/v2\/posts"}],"about":[{"href":"https:\/\/www.plurinominal.com.mx\/index.php?rest_route=\/wp\/v2\/types\/post"}],"author":[{"embeddable":true,"href":"https:\/\/www.plurinominal.com.mx\/index.php?rest_route=\/wp\/v2\/users\/1"}],"replies":[{"embeddable":true,"href":"https:\/\/www.plurinominal.com.mx\/index.php?rest_route=%2Fwp%2Fv2%2Fcomments&post=3426"}],"version-history":[{"count":0,"href":"https:\/\/www.plurinominal.com.mx\/index.php?rest_route=\/wp\/v2\/posts\/3426\/revisions"}],"wp:attachment":[{"href":"https:\/\/www.plurinominal.com.mx\/index.php?rest_route=%2Fwp%2Fv2%2Fmedia&parent=3426"}],"wp:term":[{"taxonomy":"category","embeddable":true,"href":"https:\/\/www.plurinominal.com.mx\/index.php?rest_route=%2Fwp%2Fv2%2Fcategories&post=3426"},{"taxonomy":"post_tag","embeddable":true,"href":"https:\/\/www.plurinominal.com.mx\/index.php?rest_route=%2Fwp%2Fv2%2Ftags&post=3426"}],"curies":[{"name":"wp","href":"https:\/\/api.w.org\/{rel}","templated":true}]}}