{"id":3430,"date":"2012-07-04T13:14:09","date_gmt":"2012-07-04T18:14:09","guid":{"rendered":"http:\/\/www.plurinominal.com.mx\/?p=3430"},"modified":"2012-07-05T01:30:19","modified_gmt":"2012-07-05T06:30:19","slug":"no-nos-han-ganado-priistas","status":"publish","type":"post","link":"https:\/\/www.plurinominal.com.mx\/?p=3430","title":{"rendered":"No nos han ganado: Pri\u00edstas"},"content":{"rendered":"<figure id=\"attachment_3433\" aria-describedby=\"caption-attachment-3433\" style=\"width: 100px\" class=\"wp-caption alignright\"><a href=\"https:\/\/www.plurinominal.com.mx\/wp-content\/uploads\/100_4663-copia-copia.jpg\"><img loading=\"lazy\" decoding=\"async\" class=\"size-full wp-image-3433\" title=\"PRIISTAS\" src=\"https:\/\/www.plurinominal.com.mx\/wp-content\/uploads\/100_4663-copia-copia.jpg\" alt=\"\" width=\"100\" height=\"76\" \/><\/a><figcaption id=\"caption-attachment-3433\" class=\"wp-caption-text\">Estas se\u00f1oras enardecidas agredieron a uno de nuestros reporteros gr\u00e1ficos al identificarlo como panista.<\/figcaption><\/figure>\n<p><em>Marco Serna, 13:09 PM.-<\/em> En un mensaje de nuestro corresponsal que est\u00e1 al pendiente de lo que ocurre en el Comit\u00e9 Municipal Electoral, el \u00faltimo comentario de los pri\u00edstas es el siguiente: \u201cNo nos han ganado\u201d. Esto tras dejarse al descubierto las supuestas irregularidades planteadas por ese grupo que se empecina en lograr el triunfo. Se sabe que se recurrir\u00e1 a la impugnaci\u00f3n y se mencionan adem\u00e1s m\u00e1s de 200 boletas desaparecidas, as\u00ed como algunas que resultaron de m\u00e1s en casillas. Hasta el momento, el conteo sigue en el CME y en unas horas se tendr\u00e1 nueva informaci\u00f3n. Por su parte los de Acci\u00f3n Nacional podr\u00edan recibir la constancia de Dulce Mar\u00eda que la acredita como Presidenta Municipal. Los del tricolor indican que se ir\u00e1n hasta Monterrey a resolver la controversia, asegurando que all\u00e1 el PAN no tiene influencias debido a que representantes del organismo electoral parecen tener relaciones con representantes del PANAL y PAN.<\/p>\n<p>13:21 PM.- Luego de 5 horas de conteo, se ha ratificado que los n\u00famero no coinciden con los expresados este domingo, creciendo con ello la pol\u00e9mica, incluso ya pesan acusaciones de homicidio entre los representantes de casilla.<\/p>\n","protected":false},"excerpt":{"rendered":"<p>Marco Serna, 13:09 PM.- En un mensaje de nuestro corresponsal que est\u00e1 al pendiente de lo que ocurre en el Comit\u00e9 Municipal Electoral, el \u00faltimo comentario de los pri\u00edstas es&#8230;<\/p>\n","protected":false},"author":1,"featured_media":0,"comment_status":"closed","ping_status":"open","sticky":false,"template":"","format":"standard","meta":{"footnotes":""},"categories":[463],"tags":[],"class_list":["post-3430","post","type-post","status-publish","format-standard","hentry","category-politica","entry","simple"],"_links":{"self":[{"href":"https:\/\/www.plurinominal.com.mx\/index.php?rest_route=\/wp\/v2\/posts\/3430","targetHints":{"allow":["GET"]}}],"collection":[{"href":"https:\/\/www.plurinominal.com.mx\/index.php?rest_route=\/wp\/v2\/posts"}],"about":[{"href":"https:\/\/www.plurinominal.com.mx\/index.php?rest_route=\/wp\/v2\/types\/post"}],"author":[{"embeddable":true,"href":"https:\/\/www.plurinominal.com.mx\/index.php?rest_route=\/wp\/v2\/users\/1"}],"replies":[{"embeddable":true,"href":"https:\/\/www.plurinominal.com.mx\/index.php?rest_route=%2Fwp%2Fv2%2Fcomments&post=3430"}],"version-history":[{"count":0,"href":"https:\/\/www.plurinominal.com.mx\/index.php?rest_route=\/wp\/v2\/posts\/3430\/revisions"}],"wp:attachment":[{"href":"https:\/\/www.plurinominal.com.mx\/index.php?rest_route=%2Fwp%2Fv2%2Fmedia&parent=3430"}],"wp:term":[{"taxonomy":"category","embeddable":true,"href":"https:\/\/www.plurinominal.com.mx\/index.php?rest_route=%2Fwp%2Fv2%2Fcategories&post=3430"},{"taxonomy":"post_tag","embeddable":true,"href":"https:\/\/www.plurinominal.com.mx\/index.php?rest_route=%2Fwp%2Fv2%2Ftags&post=3430"}],"curies":[{"name":"wp","href":"https:\/\/api.w.org\/{rel}","templated":true}]}}