{"id":3439,"date":"2012-07-05T01:07:42","date_gmt":"2012-07-05T06:07:42","guid":{"rendered":"http:\/\/www.plurinominal.com.mx\/?p=3439"},"modified":"2012-07-05T09:09:39","modified_gmt":"2012-07-05T14:09:39","slug":"seguiran-las-manifestaciones","status":"publish","type":"post","link":"https:\/\/www.plurinominal.com.mx\/?p=3439","title":{"rendered":"Seguir\u00e1n las manifestaciones"},"content":{"rendered":"<figure id=\"attachment_3440\" aria-describedby=\"caption-attachment-3440\" style=\"width: 283px\" class=\"wp-caption alignright\"><a href=\"https:\/\/www.plurinominal.com.mx\/wp-content\/uploads\/20120705_9999_7-copia-copia.jpg\"><img loading=\"lazy\" decoding=\"async\" class=\"size-full wp-image-3440\" title=\"MANIFESTANTES\" src=\"https:\/\/www.plurinominal.com.mx\/wp-content\/uploads\/20120705_9999_7-copia-copia.jpg\" alt=\"\" width=\"283\" height=\"189\" \/><\/a><figcaption id=\"caption-attachment-3440\" class=\"wp-caption-text\">Los manifestantes pasar\u00e1n all\u00ed la noche. Ma\u00f1ana se convoc\u00f3 a otra marcha de protesta contra Erasmo Galv\u00e1n. El nuevo grupo se reunir\u00e1 en la calle Mina para de all\u00ed dirigirse a presidencia.<\/figcaption><\/figure>\n<p>12:54 AM.- Al igual que su padre, M\u00e9xico, Cerritos sigue el ejemplo y se pierde entre senderos de protestas e inconformidades. La madrugada de hoy, simpatizantes pri\u00edstas exigieron que se justifique la coalici\u00f3n PAN-PANAL de Dulce Montes, de lo contrario piden que se anulen los votos que fueron tomados a su favor cuando esa alianza fue hecha primeramente por Narv\u00e1ez que finalmente result\u00f3 inelegible. Ante un Comit\u00e9 Municipal Electoral que se empe\u00f1a en concluir la controversia con el resultado favorable para Montes, el grupo de gente impide que los funcionarios salgan de las oficinas ubicadas en Galeana y algunos pri\u00edstas pasar\u00edan all\u00ed la noche entera. No se tienen reportes de que alguien haya recogido la constancia que acredita como Alcaldesa a la esposa del Notario. M\u00e1s tarde se espera una manifestaci\u00f3n contra Erasmo Galv\u00e1n que ante su llegada realiz\u00f3 cambios y decisiones que trabajadores municipales consideran innecesarios.<\/p>\n<p>GALERIA\u00a0[nggallery id=24]<\/p>\n","protected":false},"excerpt":{"rendered":"<p>12:54 AM.- Al igual que su padre, M\u00e9xico, Cerritos sigue el ejemplo y se pierde entre senderos de protestas e inconformidades. La madrugada de hoy, simpatizantes pri\u00edstas exigieron que se&#8230;<\/p>\n","protected":false},"author":1,"featured_media":0,"comment_status":"closed","ping_status":"open","sticky":false,"template":"","format":"standard","meta":{"footnotes":""},"categories":[463],"tags":[],"class_list":["post-3439","post","type-post","status-publish","format-standard","hentry","category-politica","entry","simple"],"_links":{"self":[{"href":"https:\/\/www.plurinominal.com.mx\/index.php?rest_route=\/wp\/v2\/posts\/3439","targetHints":{"allow":["GET"]}}],"collection":[{"href":"https:\/\/www.plurinominal.com.mx\/index.php?rest_route=\/wp\/v2\/posts"}],"about":[{"href":"https:\/\/www.plurinominal.com.mx\/index.php?rest_route=\/wp\/v2\/types\/post"}],"author":[{"embeddable":true,"href":"https:\/\/www.plurinominal.com.mx\/index.php?rest_route=\/wp\/v2\/users\/1"}],"replies":[{"embeddable":true,"href":"https:\/\/www.plurinominal.com.mx\/index.php?rest_route=%2Fwp%2Fv2%2Fcomments&post=3439"}],"version-history":[{"count":0,"href":"https:\/\/www.plurinominal.com.mx\/index.php?rest_route=\/wp\/v2\/posts\/3439\/revisions"}],"wp:attachment":[{"href":"https:\/\/www.plurinominal.com.mx\/index.php?rest_route=%2Fwp%2Fv2%2Fmedia&parent=3439"}],"wp:term":[{"taxonomy":"category","embeddable":true,"href":"https:\/\/www.plurinominal.com.mx\/index.php?rest_route=%2Fwp%2Fv2%2Fcategories&post=3439"},{"taxonomy":"post_tag","embeddable":true,"href":"https:\/\/www.plurinominal.com.mx\/index.php?rest_route=%2Fwp%2Fv2%2Ftags&post=3439"}],"curies":[{"name":"wp","href":"https:\/\/api.w.org\/{rel}","templated":true}]}}