{"id":3460,"date":"2012-07-05T14:26:39","date_gmt":"2012-07-05T19:26:39","guid":{"rendered":"http:\/\/www.plurinominal.com.mx\/?p=3460"},"modified":"2012-07-05T14:56:28","modified_gmt":"2012-07-05T19:56:28","slug":"revientan-contra-erasmo-galvan","status":"publish","type":"post","link":"https:\/\/www.plurinominal.com.mx\/?p=3460","title":{"rendered":"Revientan contra Erasmo Galv\u00e1n"},"content":{"rendered":"<p><em>Marco Serna, 14:21 PM.-<\/em> Un grupo aproximado de 20 manifestantes, se plant\u00f3 hoy frente a la presidencia en clara protesta al gobierno de Erasmo Galv\u00e1n Nieto, candidato que gan\u00f3 la pen\u00faltima contienda por los partidos PT y Convergencia.<br \/>\nEntre los manifestantes se encuentra la ex alcaldesa interina Irma Nubia Rodr\u00edguez Carbajal, quien pudo comprobar el estado de las finanzas durante su gesti\u00f3n.<br \/>\n\u201cEl pueblo no te quiere\u201d, \u201cQuieres recuperar lo que gastaste en campa\u00f1a\u201d, \u201cErasno no tienes verg\u00fcenza, regresaste para robar\u201d, \u201cFuera Erasno, no queremos ratas como t\u00fa\u201d, \u201cQuieres 400 mil m\u00e1s para la Unidad Deportiva, no llenaste con los 2 millones\u201d, \u201cEras un peligro para Cerritos\u201d, son algunas de las leyendas que se observan en las pancartas.<br \/>\nAl parecer el edil no se encontraba al momento de la protesta, pues advertido se dice que huy\u00f3 a la capital, sin embargo se tiene pactada una sesi\u00f3n de Cabildo a las 15:00 horas d\u00f3nde se espera que est\u00e9 presente.<\/p>\n<p>[nggallery id=25]<\/p>\n<p><iframe loading=\"lazy\" src=\"http:\/\/www.youtube.com\/embed\/akU1CIAdBq0\" frameborder=\"0\" width=\"420\" height=\"315\"><\/iframe><\/p>\n","protected":false},"excerpt":{"rendered":"<p>Marco Serna, 14:21 PM.- Un grupo aproximado de 20 manifestantes, se plant\u00f3 hoy frente a la presidencia en clara protesta al gobierno de Erasmo Galv\u00e1n Nieto, candidato que gan\u00f3 la&#8230;<\/p>\n","protected":false},"author":1,"featured_media":0,"comment_status":"closed","ping_status":"open","sticky":false,"template":"","format":"standard","meta":{"footnotes":""},"categories":[463],"tags":[],"class_list":["post-3460","post","type-post","status-publish","format-standard","hentry","category-politica","entry","simple"],"_links":{"self":[{"href":"https:\/\/www.plurinominal.com.mx\/index.php?rest_route=\/wp\/v2\/posts\/3460","targetHints":{"allow":["GET"]}}],"collection":[{"href":"https:\/\/www.plurinominal.com.mx\/index.php?rest_route=\/wp\/v2\/posts"}],"about":[{"href":"https:\/\/www.plurinominal.com.mx\/index.php?rest_route=\/wp\/v2\/types\/post"}],"author":[{"embeddable":true,"href":"https:\/\/www.plurinominal.com.mx\/index.php?rest_route=\/wp\/v2\/users\/1"}],"replies":[{"embeddable":true,"href":"https:\/\/www.plurinominal.com.mx\/index.php?rest_route=%2Fwp%2Fv2%2Fcomments&post=3460"}],"version-history":[{"count":0,"href":"https:\/\/www.plurinominal.com.mx\/index.php?rest_route=\/wp\/v2\/posts\/3460\/revisions"}],"wp:attachment":[{"href":"https:\/\/www.plurinominal.com.mx\/index.php?rest_route=%2Fwp%2Fv2%2Fmedia&parent=3460"}],"wp:term":[{"taxonomy":"category","embeddable":true,"href":"https:\/\/www.plurinominal.com.mx\/index.php?rest_route=%2Fwp%2Fv2%2Fcategories&post=3460"},{"taxonomy":"post_tag","embeddable":true,"href":"https:\/\/www.plurinominal.com.mx\/index.php?rest_route=%2Fwp%2Fv2%2Ftags&post=3460"}],"curies":[{"name":"wp","href":"https:\/\/api.w.org\/{rel}","templated":true}]}}