{"id":3472,"date":"2012-07-06T00:24:26","date_gmt":"2012-07-06T05:24:26","guid":{"rendered":"http:\/\/www.plurinominal.com.mx\/?p=3472"},"modified":"2012-07-06T00:27:58","modified_gmt":"2012-07-06T05:27:58","slug":"luego-de-su-derrota-galvan-nieto-regresa-a-la-presidencia","status":"publish","type":"post","link":"https:\/\/www.plurinominal.com.mx\/?p=3472","title":{"rendered":"Luego de su derrota, Galv\u00e1n Nieto regresa a la Presidencia"},"content":{"rendered":"<p><em>Rom\u00e1n G.-<\/em> Al consumarse los 60 d\u00edas de permiso de ausencia para intentar la diputaci\u00f3n local, el ciudadano Erasmo Galv\u00e1n Nieto, esta semana retoma las riendas de la presidencia municipal.<br \/>\nLa llegada de Galv\u00e1n, viene acompa\u00f1ada de m\u00faltiples cambios aun no concretados.<br \/>\nEl 2 de julio, el todav\u00eda ex presidente municipal regres\u00f3 a las instalaciones de la presidencia tras participar en la contienda electoral con resultados desfavorables.<br \/>\nAllegados a trabajadores de la presidencia municipal, manifestaron que los cambios a la llegada de Galv\u00e1n Nieto para sorpresa de muchos estar\u00e1n siendo realizados en puestos importantes como Tesorer\u00eda y Secretar\u00eda General.<br \/>\nTodav\u00eda el lunes, las decisiones continuaban siendo realizadas por Irma Nubia Rodr\u00edguez Carbajal, pero este lunes se llev\u00f3 a cabo la entrega recepci\u00f3n ante autoridades de la Auditor\u00eda Superior del Estado (ASE).<br \/>\nCon toda certeza, fuentes informativas aseguraron que el \u201cedil\u201d estar\u00e1 realizando el tercer y \u00faltimo informe de gobierno y posteriormente la entrega de la silla presidencial.<br \/>\nEn redes sociales, se mencionaba una marcha de inconformidad ante la llegada del edil programada sobre la calle Mina para de all\u00ed encaminarse hacia la presidencia. La intenci\u00f3n pudo concretarse este jueves.<br \/>\nEn la elecci\u00f3n de Diputado Local por el II Distrito Electoral, Ram\u00f3n Guardiola Mart\u00ednez, candidato del Partido Revolucionario Institucional obtuvo 19,469 votos, lo que significa un 34.46 por ciento del total de la elecci\u00f3n; mientras que su m\u00e1s cercano adversario el candidato del PAN, Florencio de \u00c1vila, 14,556 votos, que representan el 25.76 por ciento y Ra\u00fal Sustaita, candidato del PVEM 6,492 votos que representan el 11.49 por ciento del total de la votaci\u00f3n. Galv\u00e1n Nieto obtuvo 6,537 encima tambi\u00e9n de los 1,423 de Conciencia Popular.<\/p>\n","protected":false},"excerpt":{"rendered":"<p>Rom\u00e1n G.- Al consumarse los 60 d\u00edas de permiso de ausencia para intentar la diputaci\u00f3n local, el ciudadano Erasmo Galv\u00e1n Nieto, esta semana retoma las riendas de la presidencia municipal.&#8230;<\/p>\n","protected":false},"author":1,"featured_media":0,"comment_status":"closed","ping_status":"open","sticky":false,"template":"","format":"standard","meta":{"footnotes":""},"categories":[463],"tags":[],"class_list":["post-3472","post","type-post","status-publish","format-standard","hentry","category-politica","entry","simple"],"_links":{"self":[{"href":"https:\/\/www.plurinominal.com.mx\/index.php?rest_route=\/wp\/v2\/posts\/3472","targetHints":{"allow":["GET"]}}],"collection":[{"href":"https:\/\/www.plurinominal.com.mx\/index.php?rest_route=\/wp\/v2\/posts"}],"about":[{"href":"https:\/\/www.plurinominal.com.mx\/index.php?rest_route=\/wp\/v2\/types\/post"}],"author":[{"embeddable":true,"href":"https:\/\/www.plurinominal.com.mx\/index.php?rest_route=\/wp\/v2\/users\/1"}],"replies":[{"embeddable":true,"href":"https:\/\/www.plurinominal.com.mx\/index.php?rest_route=%2Fwp%2Fv2%2Fcomments&post=3472"}],"version-history":[{"count":0,"href":"https:\/\/www.plurinominal.com.mx\/index.php?rest_route=\/wp\/v2\/posts\/3472\/revisions"}],"wp:attachment":[{"href":"https:\/\/www.plurinominal.com.mx\/index.php?rest_route=%2Fwp%2Fv2%2Fmedia&parent=3472"}],"wp:term":[{"taxonomy":"category","embeddable":true,"href":"https:\/\/www.plurinominal.com.mx\/index.php?rest_route=%2Fwp%2Fv2%2Fcategories&post=3472"},{"taxonomy":"post_tag","embeddable":true,"href":"https:\/\/www.plurinominal.com.mx\/index.php?rest_route=%2Fwp%2Fv2%2Ftags&post=3472"}],"curies":[{"name":"wp","href":"https:\/\/api.w.org\/{rel}","templated":true}]}}