{"id":348,"date":"2011-11-06T16:45:59","date_gmt":"2011-11-06T22:45:59","guid":{"rendered":"http:\/\/www.plurinominal.com.mx\/?p=348"},"modified":"2011-11-10T16:46:34","modified_gmt":"2011-11-10T22:46:34","slug":"premia-el-ife-a-cerritense-por-%e2%80%9cla-eleccion%e2%80%9d","status":"publish","type":"post","link":"https:\/\/www.plurinominal.com.mx\/?p=348","title":{"rendered":"Premia el IFE a cerritense por \u201cLa elecci\u00f3n\u201d"},"content":{"rendered":"<p>Fue ganador en el Concurso \u201cUna Rola por la Democracia\u201d<\/p>\n<p>Corresponsales<br \/>\n\u201cLa elecci\u00f3n\u201d, del m\u00fasico cerritense Marco Antonio L\u00f3pez Meza, fue premiada por la Vocal\u00eda Ejecutiva del Instituto Federal Electoral (IFE).<br \/>\nA trav\u00e9s de un comunicado de fecha 3 de noviembre, se indic\u00f3 que la entrega de los premios de la etapa estatal del \u00ab5\u00ba Concurso una Rola por la Democracia\u00bb, estuvo a cargo del vocal ejecutivo, Pablo Sergio Aispuro C\u00e1rdenas.<br \/>\nFueron cuatro categor\u00edas, cuyos m\u00fasicos nos representar\u00e1n en la etapa nacional a celebrarse el pr\u00f3ximo jueves 17 del presente mes en la Ciudad de M\u00e9xico.<br \/>\nLos ganadores fueron:<br \/>\nCategor\u00eda Pop:<br \/>\n\u201cLa elecci\u00f3n\u201d, de Marco Antonio L\u00f3pez Meza.<br \/>\nCategor\u00eda Rock alternativo:<br \/>\n\u201cDemocracia es\u201d, de Juan Javier Betancourt Huerta.<br \/>\nCategor\u00eda Regional:<br \/>\n\u201cSomos M\u00e9xico\u201d, de Ad\u00e1n Oswaldo L\u00f3pez Gallegos.<br \/>\nCategor\u00eda Otros:<br \/>\n\u201cS\u00ed a los valores\u201d, de C\u00e9sar Giovanni Casta\u00f1\u00f3n Mendoza.<br \/>\nTambi\u00e9n se entreg\u00f3 un reconocimiento a los integrantes del jurado: David L\u00f3pez Rocha, maestro de la Benem\u00e9rita y Centenaria Escuela Normal del Estado (BECENE); David L\u00f3pez Jasso, maestro de educaci\u00f3n art\u00edstica de la Escuela Secundaria Jaime Torres Bodet y a Enrique Hern\u00e1ndez Ram\u00edrez, director de la Orquesta de C\u00e1mara de la Facultad de Derecho y de la Banda de M\u00fasica del Estado.<\/p>\n","protected":false},"excerpt":{"rendered":"<p>Fue ganador en el Concurso \u201cUna Rola por la Democracia\u201d Corresponsales \u201cLa elecci\u00f3n\u201d, del m\u00fasico cerritense Marco Antonio L\u00f3pez Meza, fue premiada por la Vocal\u00eda Ejecutiva del Instituto Federal Electoral&#8230;<\/p>\n","protected":false},"author":1,"featured_media":0,"comment_status":"closed","ping_status":"open","sticky":false,"template":"","format":"standard","meta":{"footnotes":""},"categories":[3],"tags":[218,219],"class_list":["post-348","post","type-post","status-publish","format-standard","hentry","category-cerritos","tag-la-eleccion","tag-marco-antonio-lopez","entry","simple"],"_links":{"self":[{"href":"https:\/\/www.plurinominal.com.mx\/index.php?rest_route=\/wp\/v2\/posts\/348","targetHints":{"allow":["GET"]}}],"collection":[{"href":"https:\/\/www.plurinominal.com.mx\/index.php?rest_route=\/wp\/v2\/posts"}],"about":[{"href":"https:\/\/www.plurinominal.com.mx\/index.php?rest_route=\/wp\/v2\/types\/post"}],"author":[{"embeddable":true,"href":"https:\/\/www.plurinominal.com.mx\/index.php?rest_route=\/wp\/v2\/users\/1"}],"replies":[{"embeddable":true,"href":"https:\/\/www.plurinominal.com.mx\/index.php?rest_route=%2Fwp%2Fv2%2Fcomments&post=348"}],"version-history":[{"count":0,"href":"https:\/\/www.plurinominal.com.mx\/index.php?rest_route=\/wp\/v2\/posts\/348\/revisions"}],"wp:attachment":[{"href":"https:\/\/www.plurinominal.com.mx\/index.php?rest_route=%2Fwp%2Fv2%2Fmedia&parent=348"}],"wp:term":[{"taxonomy":"category","embeddable":true,"href":"https:\/\/www.plurinominal.com.mx\/index.php?rest_route=%2Fwp%2Fv2%2Fcategories&post=348"},{"taxonomy":"post_tag","embeddable":true,"href":"https:\/\/www.plurinominal.com.mx\/index.php?rest_route=%2Fwp%2Fv2%2Ftags&post=348"}],"curies":[{"name":"wp","href":"https:\/\/api.w.org\/{rel}","templated":true}]}}