{"id":3480,"date":"2012-07-06T16:00:26","date_gmt":"2012-07-06T21:00:26","guid":{"rendered":"http:\/\/www.plurinominal.com.mx\/?p=3480"},"modified":"2012-07-06T16:14:39","modified_gmt":"2012-07-06T21:14:39","slug":"revientan-contra-erasmo-galvan-2","status":"publish","type":"post","link":"https:\/\/www.plurinominal.com.mx\/?p=3480","title":{"rendered":"Revientan contra Erasmo Galv\u00e1n"},"content":{"rendered":"<p>Este jueves, un grupo aproximado de 20 manifestantes, se plant\u00f3 frente a la presidencia en clara protesta al gobierno de Erasmo Galv\u00e1n Nieto, candidato que gan\u00f3 la pen\u00faltima contienda por los partidos PT y Convergencia.<\/p>\n","protected":false},"excerpt":{"rendered":"<p>Este jueves, un grupo aproximado de 20 manifestantes, se plant\u00f3 frente a la presidencia en clara protesta al gobierno de Erasmo Galv\u00e1n Nieto, candidato que gan\u00f3 la pen\u00faltima contienda por&#8230;<\/p>\n","protected":false},"author":1,"featured_media":3481,"comment_status":"closed","ping_status":"open","sticky":false,"template":"","format":"standard","meta":{"footnotes":""},"categories":[3],"tags":[],"class_list":["post-3480","post","type-post","status-publish","format-standard","has-post-thumbnail","hentry","category-cerritos","entry","simple"],"_links":{"self":[{"href":"https:\/\/www.plurinominal.com.mx\/index.php?rest_route=\/wp\/v2\/posts\/3480","targetHints":{"allow":["GET"]}}],"collection":[{"href":"https:\/\/www.plurinominal.com.mx\/index.php?rest_route=\/wp\/v2\/posts"}],"about":[{"href":"https:\/\/www.plurinominal.com.mx\/index.php?rest_route=\/wp\/v2\/types\/post"}],"author":[{"embeddable":true,"href":"https:\/\/www.plurinominal.com.mx\/index.php?rest_route=\/wp\/v2\/users\/1"}],"replies":[{"embeddable":true,"href":"https:\/\/www.plurinominal.com.mx\/index.php?rest_route=%2Fwp%2Fv2%2Fcomments&post=3480"}],"version-history":[{"count":0,"href":"https:\/\/www.plurinominal.com.mx\/index.php?rest_route=\/wp\/v2\/posts\/3480\/revisions"}],"wp:featuredmedia":[{"embeddable":true,"href":"https:\/\/www.plurinominal.com.mx\/index.php?rest_route=\/wp\/v2\/media\/3481"}],"wp:attachment":[{"href":"https:\/\/www.plurinominal.com.mx\/index.php?rest_route=%2Fwp%2Fv2%2Fmedia&parent=3480"}],"wp:term":[{"taxonomy":"category","embeddable":true,"href":"https:\/\/www.plurinominal.com.mx\/index.php?rest_route=%2Fwp%2Fv2%2Fcategories&post=3480"},{"taxonomy":"post_tag","embeddable":true,"href":"https:\/\/www.plurinominal.com.mx\/index.php?rest_route=%2Fwp%2Fv2%2Ftags&post=3480"}],"curies":[{"name":"wp","href":"https:\/\/api.w.org\/{rel}","templated":true}]}}