{"id":3484,"date":"2012-07-06T16:06:29","date_gmt":"2012-07-06T21:06:29","guid":{"rendered":"http:\/\/www.plurinominal.com.mx\/?p=3484"},"modified":"2012-07-06T16:26:17","modified_gmt":"2012-07-06T21:26:17","slug":"se-haran-valer-las-inconformidades-dice-pri","status":"publish","type":"post","link":"https:\/\/www.plurinominal.com.mx\/?p=3484","title":{"rendered":"\u201cSe har\u00e1n valer las inconformidades\u201d dice PRI"},"content":{"rendered":"<p>El grupo de seguidores incondicionales de Jorge Luis Quintero Lu\u00e9vano, explic\u00f3 que se trabaja en una estrategia para hacer valer las irregularidades descubiertas en la jornada electoral del municipio. Mencionaron a Plurinominal que los integrantes del CME, mostraron una clara parcialidad a los partidos PAN-PANAL dado que muchos son maestros y otros proceden de familias identificadas como panistas. Sobre la constancia de Dulce Montes, refieren que es parte del procedimiento a seguir, lo que les da pie a iniciar la demanda correspondiente. A\u00f1adieron que los del CME, se refugiaron en SLP donde se resolvi\u00f3 a favor de Montes sin tomarse en cuenta las observaciones y que aunque solicitaron la transmisi\u00f3n del video de un paquete sin urnas al noticiero local, por \u00f3rdenes del Director no se transmiti\u00f3.<\/p>\n","protected":false},"excerpt":{"rendered":"<p>El grupo de seguidores incondicionales de Jorge Luis Quintero Lu\u00e9vano, explic\u00f3 que se trabaja en una estrategia para hacer valer las irregularidades descubiertas en la jornada electoral del municipio. Mencionaron&#8230;<\/p>\n","protected":false},"author":1,"featured_media":3485,"comment_status":"closed","ping_status":"open","sticky":false,"template":"","format":"standard","meta":{"footnotes":""},"categories":[463],"tags":[],"class_list":["post-3484","post","type-post","status-publish","format-standard","has-post-thumbnail","hentry","category-politica","entry","simple"],"_links":{"self":[{"href":"https:\/\/www.plurinominal.com.mx\/index.php?rest_route=\/wp\/v2\/posts\/3484","targetHints":{"allow":["GET"]}}],"collection":[{"href":"https:\/\/www.plurinominal.com.mx\/index.php?rest_route=\/wp\/v2\/posts"}],"about":[{"href":"https:\/\/www.plurinominal.com.mx\/index.php?rest_route=\/wp\/v2\/types\/post"}],"author":[{"embeddable":true,"href":"https:\/\/www.plurinominal.com.mx\/index.php?rest_route=\/wp\/v2\/users\/1"}],"replies":[{"embeddable":true,"href":"https:\/\/www.plurinominal.com.mx\/index.php?rest_route=%2Fwp%2Fv2%2Fcomments&post=3484"}],"version-history":[{"count":0,"href":"https:\/\/www.plurinominal.com.mx\/index.php?rest_route=\/wp\/v2\/posts\/3484\/revisions"}],"wp:featuredmedia":[{"embeddable":true,"href":"https:\/\/www.plurinominal.com.mx\/index.php?rest_route=\/wp\/v2\/media\/3485"}],"wp:attachment":[{"href":"https:\/\/www.plurinominal.com.mx\/index.php?rest_route=%2Fwp%2Fv2%2Fmedia&parent=3484"}],"wp:term":[{"taxonomy":"category","embeddable":true,"href":"https:\/\/www.plurinominal.com.mx\/index.php?rest_route=%2Fwp%2Fv2%2Fcategories&post=3484"},{"taxonomy":"post_tag","embeddable":true,"href":"https:\/\/www.plurinominal.com.mx\/index.php?rest_route=%2Fwp%2Fv2%2Ftags&post=3484"}],"curies":[{"name":"wp","href":"https:\/\/api.w.org\/{rel}","templated":true}]}}