{"id":350,"date":"2011-11-04T16:46:44","date_gmt":"2011-11-04T22:46:44","guid":{"rendered":"http:\/\/www.plurinominal.com.mx\/?p=350"},"modified":"2011-11-10T16:47:23","modified_gmt":"2011-11-10T22:47:23","slug":"agredieron-a-mujeres-en-derramaderos","status":"publish","type":"post","link":"https:\/\/www.plurinominal.com.mx\/?p=350","title":{"rendered":"Agredieron a mujeres en Derramaderos"},"content":{"rendered":"<p>Del equipo de redacci\u00f3n<br \/>\nMujeres fueron agredidas f\u00edsicamente en domicilio ubicado a pocos metros de la secundaria en la comunidad de Derramaderos.<br \/>\nHasta ese lugar se dirigi\u00f3 la patrulla 07, porque se solicit\u00f3 apoyo para la parte afectada, el pasado mi\u00e9rcoles 2 de noviembre a las 22:00 horas.<br \/>\nAlberto G\u00f3mez \u00c1valos, de 35 a\u00f1os, fue detenido por el grupo de uniformados llamado \u201cLas \u00c1guilas\u201d, antes de ser puesto a disposici\u00f3n del Agente del Ministerio P\u00fablico por el delito de \u201cviolencia intra familiar\u201d.<br \/>\nA las 23:17 horas, sinti\u00f3 el clima de las celdas del CEREDI, porque se le acus\u00f3 de actuar en contra de F\u00e1tima de Le\u00f3n Z\u00e1rate y Dulce Itzel \u00c1valos de Le\u00f3n, quienes cuentan con 32 y 12 a\u00f1os de edad respectivamente.<br \/>\nDijeron tener su vivienda en la calle Victoria n\u00famero 3 de la citada comunidad.<br \/>\nA las pocas horas se le vio al hombre declarando ante la autoridad competente, donde se resolver\u00eda sobre su situaci\u00f3n jur\u00eddica.<\/p>\n","protected":false},"excerpt":{"rendered":"<p>Del equipo de redacci\u00f3n Mujeres fueron agredidas f\u00edsicamente en domicilio ubicado a pocos metros de la secundaria en la comunidad de Derramaderos. Hasta ese lugar se dirigi\u00f3 la patrulla 07,&#8230;<\/p>\n","protected":false},"author":1,"featured_media":0,"comment_status":"closed","ping_status":"open","sticky":false,"template":"","format":"standard","meta":{"footnotes":""},"categories":[3],"tags":[220],"class_list":["post-350","post","type-post","status-publish","format-standard","hentry","category-cerritos","tag-derramaderos","entry","simple"],"_links":{"self":[{"href":"https:\/\/www.plurinominal.com.mx\/index.php?rest_route=\/wp\/v2\/posts\/350","targetHints":{"allow":["GET"]}}],"collection":[{"href":"https:\/\/www.plurinominal.com.mx\/index.php?rest_route=\/wp\/v2\/posts"}],"about":[{"href":"https:\/\/www.plurinominal.com.mx\/index.php?rest_route=\/wp\/v2\/types\/post"}],"author":[{"embeddable":true,"href":"https:\/\/www.plurinominal.com.mx\/index.php?rest_route=\/wp\/v2\/users\/1"}],"replies":[{"embeddable":true,"href":"https:\/\/www.plurinominal.com.mx\/index.php?rest_route=%2Fwp%2Fv2%2Fcomments&post=350"}],"version-history":[{"count":0,"href":"https:\/\/www.plurinominal.com.mx\/index.php?rest_route=\/wp\/v2\/posts\/350\/revisions"}],"wp:attachment":[{"href":"https:\/\/www.plurinominal.com.mx\/index.php?rest_route=%2Fwp%2Fv2%2Fmedia&parent=350"}],"wp:term":[{"taxonomy":"category","embeddable":true,"href":"https:\/\/www.plurinominal.com.mx\/index.php?rest_route=%2Fwp%2Fv2%2Fcategories&post=350"},{"taxonomy":"post_tag","embeddable":true,"href":"https:\/\/www.plurinominal.com.mx\/index.php?rest_route=%2Fwp%2Fv2%2Ftags&post=350"}],"curies":[{"name":"wp","href":"https:\/\/api.w.org\/{rel}","templated":true}]}}