{"id":3510,"date":"2012-07-10T16:28:00","date_gmt":"2012-07-10T21:28:00","guid":{"rendered":"http:\/\/www.plurinominal.com.mx\/?p=3510"},"modified":"2012-07-10T16:28:00","modified_gmt":"2012-07-10T21:28:00","slug":"detuvieron-a-sospechoso-en-el-centro-del-municipio","status":"publish","type":"post","link":"https:\/\/www.plurinominal.com.mx\/?p=3510","title":{"rendered":"Detuvieron a sospechoso en el centro del municipio"},"content":{"rendered":"<figure id=\"attachment_3511\" aria-describedby=\"caption-attachment-3511\" style=\"width: 283px\" class=\"wp-caption alignright\"><a href=\"https:\/\/www.plurinominal.com.mx\/wp-content\/uploads\/20120710_9999_21-copia-copia.jpg\"><img loading=\"lazy\" decoding=\"async\" class=\"size-full wp-image-3511\" title=\"SOSPECHOSO\" src=\"https:\/\/www.plurinominal.com.mx\/wp-content\/uploads\/20120710_9999_21-copia-copia.jpg\" alt=\"\" width=\"283\" height=\"189\" \/><\/a><figcaption id=\"caption-attachment-3511\" class=\"wp-caption-text\">El conductor se les hizo sospechoso.<\/figcaption><\/figure>\n<p><em>Redacci\u00f3n, 16:19 PM .-<\/em> Hoy, tras ser identificado como el presunto sujeto que hace d\u00edas particip\u00f3 en una balacera, un individuo fue detenido en pleno centro del municipio de Cerritos.<br \/>\nEl Militar Sa\u00fal V\u00e1zquez, quien confirm\u00f3 a este medio que seguir\u00e1 al frente de la corporaci\u00f3n al parecer lo puso a disposici\u00f3n del ej\u00e9rcito para interrogarlo.<\/p>\n","protected":false},"excerpt":{"rendered":"<p>Redacci\u00f3n, 16:19 PM .- Hoy, tras ser identificado como el presunto sujeto que hace d\u00edas particip\u00f3 en una balacera, un individuo fue detenido en pleno centro del municipio de Cerritos.&#8230;<\/p>\n","protected":false},"author":1,"featured_media":0,"comment_status":"closed","ping_status":"open","sticky":false,"template":"","format":"standard","meta":{"footnotes":""},"categories":[465],"tags":[],"class_list":["post-3510","post","type-post","status-publish","format-standard","hentry","category-policia-2","entry","simple"],"_links":{"self":[{"href":"https:\/\/www.plurinominal.com.mx\/index.php?rest_route=\/wp\/v2\/posts\/3510","targetHints":{"allow":["GET"]}}],"collection":[{"href":"https:\/\/www.plurinominal.com.mx\/index.php?rest_route=\/wp\/v2\/posts"}],"about":[{"href":"https:\/\/www.plurinominal.com.mx\/index.php?rest_route=\/wp\/v2\/types\/post"}],"author":[{"embeddable":true,"href":"https:\/\/www.plurinominal.com.mx\/index.php?rest_route=\/wp\/v2\/users\/1"}],"replies":[{"embeddable":true,"href":"https:\/\/www.plurinominal.com.mx\/index.php?rest_route=%2Fwp%2Fv2%2Fcomments&post=3510"}],"version-history":[{"count":0,"href":"https:\/\/www.plurinominal.com.mx\/index.php?rest_route=\/wp\/v2\/posts\/3510\/revisions"}],"wp:attachment":[{"href":"https:\/\/www.plurinominal.com.mx\/index.php?rest_route=%2Fwp%2Fv2%2Fmedia&parent=3510"}],"wp:term":[{"taxonomy":"category","embeddable":true,"href":"https:\/\/www.plurinominal.com.mx\/index.php?rest_route=%2Fwp%2Fv2%2Fcategories&post=3510"},{"taxonomy":"post_tag","embeddable":true,"href":"https:\/\/www.plurinominal.com.mx\/index.php?rest_route=%2Fwp%2Fv2%2Ftags&post=3510"}],"curies":[{"name":"wp","href":"https:\/\/api.w.org\/{rel}","templated":true}]}}