{"id":3515,"date":"2012-07-11T11:45:25","date_gmt":"2012-07-11T16:45:25","guid":{"rendered":"http:\/\/www.plurinominal.com.mx\/?p=3515"},"modified":"2012-07-11T11:45:25","modified_gmt":"2012-07-11T16:45:25","slug":"erasmo-nos-engano-a-todos-empezando-por-su-familia-carlos-rodriguez-carbajal","status":"publish","type":"post","link":"https:\/\/www.plurinominal.com.mx\/?p=3515","title":{"rendered":"Erasmo nos enga\u00f1\u00f3 a todos, empezando por su familia: Carlos Rodr\u00edguez Carbajal"},"content":{"rendered":"<p><em>Marco Serna.- <\/em>Erasmo de izquierda no tiene absolutamente nada, \u00e9l nos enga\u00f1\u00f3 a todos empezando por su propia familia, dijo Carlos Rodr\u00edguez Carbajal el d\u00eda de la protesta contra el edil.<br \/>\nAgreg\u00f3 que Galv\u00e1n Nieto, es \u201cdel cl\u00e1sico tipo de pol\u00edticos corruptos que ahorita nos rigen\u201d.<br \/>\n\u201cEs una persona que no tiene ni ideales de derecha, ni de izquierda ni de centro ni de nada, s\u00f3lo su inter\u00e9s\u201d. Mencion\u00f3 el hermano de la ex alcaldesa.<br \/>\nSobre el error m\u00e1s criticado del gobierno actual, el ex trabajador del ayuntamiento consider\u00f3 que durante la campa\u00f1a se mencionaron muy buenas propuestas, planteadas de manera positiva. Estaban respaldadas por verdaderos izquierdistas, que las planearon desde la \u00e9poca de la Doctora Gloria.<br \/>\n\u201cSi las estrategias se hubieran llevado a cabo, Cerritos estar\u00eda viendo una \u00e9poca de auge econ\u00f3mico, se pudo haber generado empleo, crecimiento, pero se dej\u00f3 de lado ese proyecto y el se\u00f1or se dedic\u00f3 simplemente a hacer dinero para \u00e9l y para sus allegados\u201d, explic\u00f3 Rodr\u00edguez.<br \/>\nReconoci\u00f3 que en 2009, el grupo que compagin\u00f3 con Galv\u00e1n Nieto aprovech\u00f3 la inercia de L\u00f3pez Obrador, para lograr el triunfo, porque el PT y Convergencia no contaban con estructura ni base, pero desde el momento en que se declar\u00f3 ganador, todo el equipo que estaba detr\u00e1s del movimiento qued\u00f3 a juicio del ex candidato perredista.<br \/>\n\u201cErasmo los acomod\u00f3 a su manera, contando desde un principio con gente corrupta como es el caso del se\u00f1or Salvador Mart\u00ednez, al ganar de hecho hasta su n\u00famero telef\u00f3nico cambi\u00f3\u201d. Declar\u00f3 Carlos Rodr\u00edguez.<\/p>\n","protected":false},"excerpt":{"rendered":"<p>Marco Serna.- Erasmo de izquierda no tiene absolutamente nada, \u00e9l nos enga\u00f1\u00f3 a todos empezando por su propia familia, dijo Carlos Rodr\u00edguez Carbajal el d\u00eda de la protesta contra el&#8230;<\/p>\n","protected":false},"author":1,"featured_media":0,"comment_status":"closed","ping_status":"open","sticky":false,"template":"","format":"standard","meta":{"footnotes":""},"categories":[3,463],"tags":[],"class_list":["post-3515","post","type-post","status-publish","format-standard","hentry","category-cerritos","category-politica","entry","simple"],"_links":{"self":[{"href":"https:\/\/www.plurinominal.com.mx\/index.php?rest_route=\/wp\/v2\/posts\/3515","targetHints":{"allow":["GET"]}}],"collection":[{"href":"https:\/\/www.plurinominal.com.mx\/index.php?rest_route=\/wp\/v2\/posts"}],"about":[{"href":"https:\/\/www.plurinominal.com.mx\/index.php?rest_route=\/wp\/v2\/types\/post"}],"author":[{"embeddable":true,"href":"https:\/\/www.plurinominal.com.mx\/index.php?rest_route=\/wp\/v2\/users\/1"}],"replies":[{"embeddable":true,"href":"https:\/\/www.plurinominal.com.mx\/index.php?rest_route=%2Fwp%2Fv2%2Fcomments&post=3515"}],"version-history":[{"count":0,"href":"https:\/\/www.plurinominal.com.mx\/index.php?rest_route=\/wp\/v2\/posts\/3515\/revisions"}],"wp:attachment":[{"href":"https:\/\/www.plurinominal.com.mx\/index.php?rest_route=%2Fwp%2Fv2%2Fmedia&parent=3515"}],"wp:term":[{"taxonomy":"category","embeddable":true,"href":"https:\/\/www.plurinominal.com.mx\/index.php?rest_route=%2Fwp%2Fv2%2Fcategories&post=3515"},{"taxonomy":"post_tag","embeddable":true,"href":"https:\/\/www.plurinominal.com.mx\/index.php?rest_route=%2Fwp%2Fv2%2Ftags&post=3515"}],"curies":[{"name":"wp","href":"https:\/\/api.w.org\/{rel}","templated":true}]}}