{"id":352,"date":"2011-11-07T16:54:10","date_gmt":"2011-11-07T22:54:10","guid":{"rendered":"http:\/\/www.plurinominal.com.mx\/?p=352"},"modified":"2011-11-10T16:55:06","modified_gmt":"2011-11-10T22:55:06","slug":"buscaban-a-hombre-del-granjenal","status":"publish","type":"post","link":"https:\/\/www.plurinominal.com.mx\/?p=352","title":{"rendered":"Buscaban a hombre del Granjenal"},"content":{"rendered":"<p>Del equipo de redacci\u00f3n<br \/>\nHombre de Granjenal andaba perdido, por eso sus familiares dieron aviso a la polic\u00eda municipal.<br \/>\nJos\u00e9 Sigala Castro, padece una enfermedad en su brazo derecho y en su pie izquierdo.<br \/>\nA consecuencia de lo anterior, no puede caminar de manera normal.<br \/>\n\u201cEst\u00e1 chueco y le faltan 4 dientes frontales\u201d, por eso la preocupaci\u00f3n por encontrarlo de su hermano Reynaldo Sigala quien fue el que proporcion\u00f3 los datos ante los oficiales de la Direcci\u00f3n de Seguridad el viernes 4 de noviembre.<br \/>\nA las 12:55 del mediod\u00eda agreg\u00f3 que su familiar vest\u00eda pantal\u00f3n color gris, camisa azul y sombrero color blanco, ala corta, y huaraches, uno de \u00e9stos roto del lado derecho.<br \/>\nEn distintos puntos del municipio, los polic\u00edas fueron informados sobre la pesquisa, y finalmente tuvieron datos del \u201cperdido\u201d a las 15:07 de la tarde.<\/p>\n","protected":false},"excerpt":{"rendered":"<p>Del equipo de redacci\u00f3n Hombre de Granjenal andaba perdido, por eso sus familiares dieron aviso a la polic\u00eda municipal. Jos\u00e9 Sigala Castro, padece una enfermedad en su brazo derecho y&#8230;<\/p>\n","protected":false},"author":1,"featured_media":0,"comment_status":"closed","ping_status":"open","sticky":false,"template":"","format":"standard","meta":{"footnotes":""},"categories":[4],"tags":[222,221],"class_list":["post-352","post","type-post","status-publish","format-standard","hentry","category-villa-juarez","tag-granjenal","tag-perdido","entry","simple"],"_links":{"self":[{"href":"https:\/\/www.plurinominal.com.mx\/index.php?rest_route=\/wp\/v2\/posts\/352","targetHints":{"allow":["GET"]}}],"collection":[{"href":"https:\/\/www.plurinominal.com.mx\/index.php?rest_route=\/wp\/v2\/posts"}],"about":[{"href":"https:\/\/www.plurinominal.com.mx\/index.php?rest_route=\/wp\/v2\/types\/post"}],"author":[{"embeddable":true,"href":"https:\/\/www.plurinominal.com.mx\/index.php?rest_route=\/wp\/v2\/users\/1"}],"replies":[{"embeddable":true,"href":"https:\/\/www.plurinominal.com.mx\/index.php?rest_route=%2Fwp%2Fv2%2Fcomments&post=352"}],"version-history":[{"count":0,"href":"https:\/\/www.plurinominal.com.mx\/index.php?rest_route=\/wp\/v2\/posts\/352\/revisions"}],"wp:attachment":[{"href":"https:\/\/www.plurinominal.com.mx\/index.php?rest_route=%2Fwp%2Fv2%2Fmedia&parent=352"}],"wp:term":[{"taxonomy":"category","embeddable":true,"href":"https:\/\/www.plurinominal.com.mx\/index.php?rest_route=%2Fwp%2Fv2%2Fcategories&post=352"},{"taxonomy":"post_tag","embeddable":true,"href":"https:\/\/www.plurinominal.com.mx\/index.php?rest_route=%2Fwp%2Fv2%2Ftags&post=352"}],"curies":[{"name":"wp","href":"https:\/\/api.w.org\/{rel}","templated":true}]}}