{"id":3523,"date":"2012-07-13T13:38:27","date_gmt":"2012-07-13T18:38:27","guid":{"rendered":"http:\/\/www.plurinominal.com.mx\/?p=3523"},"modified":"2012-07-13T13:38:27","modified_gmt":"2012-07-13T18:38:27","slug":"promueve-pri-juicio-de-nulidad-electoral","status":"publish","type":"post","link":"https:\/\/www.plurinominal.com.mx\/?p=3523","title":{"rendered":"Promueve PRI juicio de nulidad electoral"},"content":{"rendered":"<ul>\n<li>Tambi\u00e9n pide quede sin efecto la \u201cDeclaraci\u00f3n de validez y Constancia de Mayor\u00eda\u201d expedida a la planilla del PAN<\/li>\n<\/ul>\n<p><em>Marco Serna.-<\/em> Un \u201cjuicio de nulidad electoral total\u201d en relaci\u00f3n a la elecci\u00f3n del ayuntamiento de Cerritos, ya se promueve por representantes del PRI que se inconformaron por las supuestas inconsistencias que argumentaron desde el mi\u00e9rcoles 4 de julio.<br \/>\nPesa sobre ellos la carga de la prueba, para demostrar ante autoridad competente, las observaciones que dieron a conocer ante su grupo, las que de acuerdo a sus dichos, se sustentan en videos, gr\u00e1ficas, documentos y testimonios que revelan anomal\u00edas.<br \/>\nA ciencia cierta, se explic\u00f3 a Plurinominal que tratan de probar ante el juzgador la aparente \u201cparcialidad\u201d de Rub\u00e9n Gallardo Hern\u00e1ndez y otros, en favor del grupo representante del PAN-PANAL.<br \/>\n\u201cDado que el \u00e1rbitro no se mostr\u00f3 imparcial, queremos que se declare nula la elecci\u00f3n del domingo primero de julio\u201d, explic\u00f3 una de nuestras fuentes que no autoriz\u00f3 que se publicara su nombre, sin embargo el declarante proporcion\u00f3 copia simple del escrito presentado ante la oficial\u00eda de partes del Consejo Estatal Electoral de Participaci\u00f3n Ciudadana, de fecha 9 de julio a las 20:13 horas, con trece anexos, donde representantes del PRI, con fundamento en el art\u00edculo 13 de la Ley de Medios de Impugnaci\u00f3n en Material Electoral, piden hacer llegar a la Sala Regional de Primera Instancia Zona Media del Tribunal Electoral del Poder Judicial en el Estado, con sede en Rioverde, el Juicio que demanda la nulidad de la elecci\u00f3n de este municipio, as\u00ed como tambi\u00e9n de la Constancia de Validez y Mayor\u00eda expedida a la planilla del PAN para la renovaci\u00f3n del ayuntamiento durante el periodo 2012-2015.<br \/>\nEl Lic. Jos\u00e9 Guadalupe Dur\u00f3n Santill\u00e1n, representante del Partido Revolucionario Institucional, pide hacer lo anterior del conocimiento del p\u00fablico en general a trav\u00e9s de los medios que as\u00ed lo garanticen.<\/p>\n","protected":false},"excerpt":{"rendered":"<p>Tambi\u00e9n pide quede sin efecto la \u201cDeclaraci\u00f3n de validez y Constancia de Mayor\u00eda\u201d expedida a la planilla del PAN Marco Serna.- Un \u201cjuicio de nulidad electoral total\u201d en relaci\u00f3n a&#8230;<\/p>\n","protected":false},"author":1,"featured_media":0,"comment_status":"closed","ping_status":"open","sticky":false,"template":"","format":"standard","meta":{"footnotes":""},"categories":[3,463],"tags":[],"class_list":["post-3523","post","type-post","status-publish","format-standard","hentry","category-cerritos","category-politica","entry","simple"],"_links":{"self":[{"href":"https:\/\/www.plurinominal.com.mx\/index.php?rest_route=\/wp\/v2\/posts\/3523","targetHints":{"allow":["GET"]}}],"collection":[{"href":"https:\/\/www.plurinominal.com.mx\/index.php?rest_route=\/wp\/v2\/posts"}],"about":[{"href":"https:\/\/www.plurinominal.com.mx\/index.php?rest_route=\/wp\/v2\/types\/post"}],"author":[{"embeddable":true,"href":"https:\/\/www.plurinominal.com.mx\/index.php?rest_route=\/wp\/v2\/users\/1"}],"replies":[{"embeddable":true,"href":"https:\/\/www.plurinominal.com.mx\/index.php?rest_route=%2Fwp%2Fv2%2Fcomments&post=3523"}],"version-history":[{"count":0,"href":"https:\/\/www.plurinominal.com.mx\/index.php?rest_route=\/wp\/v2\/posts\/3523\/revisions"}],"wp:attachment":[{"href":"https:\/\/www.plurinominal.com.mx\/index.php?rest_route=%2Fwp%2Fv2%2Fmedia&parent=3523"}],"wp:term":[{"taxonomy":"category","embeddable":true,"href":"https:\/\/www.plurinominal.com.mx\/index.php?rest_route=%2Fwp%2Fv2%2Fcategories&post=3523"},{"taxonomy":"post_tag","embeddable":true,"href":"https:\/\/www.plurinominal.com.mx\/index.php?rest_route=%2Fwp%2Fv2%2Ftags&post=3523"}],"curies":[{"name":"wp","href":"https:\/\/api.w.org\/{rel}","templated":true}]}}