{"id":3525,"date":"2012-07-14T00:01:17","date_gmt":"2012-07-14T05:01:17","guid":{"rendered":"http:\/\/www.plurinominal.com.mx\/?p=3525"},"modified":"2012-07-14T00:01:40","modified_gmt":"2012-07-14T05:01:40","slug":"se-llevo-a-cabo-reunion-informativa-en-el-cdm-del-pan","status":"publish","type":"post","link":"https:\/\/www.plurinominal.com.mx\/?p=3525","title":{"rendered":"Se llev\u00f3 a cabo reuni\u00f3n informativa en el CDM del PAN"},"content":{"rendered":"<div id=\"watch-description-text\">\n<p id=\"eow-description\">Se llev\u00f3 a cabo hoy una reuni\u00f3n informativa en las oficinas del PAN, esto fue parte de lo comentado. M\u00e1s informaci\u00f3n en la edici\u00f3n impresa, no se olvide de visitar nuestra p\u00e1gina.<\/p>\n<p>&nbsp;<\/p>\n<\/div>\n<p><iframe loading=\"lazy\" width=\"420\" height=\"315\" src=\"http:\/\/www.youtube.com\/embed\/lx5OcSoWxrM\" frameborder=\"0\" allowfullscreen><\/iframe><\/p>\n","protected":false},"excerpt":{"rendered":"<p>Se llev\u00f3 a cabo hoy una reuni\u00f3n informativa en las oficinas del PAN, esto fue parte de lo comentado. M\u00e1s informaci\u00f3n en la edici\u00f3n impresa, no se olvide de visitar&#8230;<\/p>\n","protected":false},"author":1,"featured_media":0,"comment_status":"closed","ping_status":"open","sticky":false,"template":"","format":"standard","meta":{"footnotes":""},"categories":[3,463],"tags":[],"class_list":["post-3525","post","type-post","status-publish","format-standard","hentry","category-cerritos","category-politica","entry","simple"],"_links":{"self":[{"href":"https:\/\/www.plurinominal.com.mx\/index.php?rest_route=\/wp\/v2\/posts\/3525","targetHints":{"allow":["GET"]}}],"collection":[{"href":"https:\/\/www.plurinominal.com.mx\/index.php?rest_route=\/wp\/v2\/posts"}],"about":[{"href":"https:\/\/www.plurinominal.com.mx\/index.php?rest_route=\/wp\/v2\/types\/post"}],"author":[{"embeddable":true,"href":"https:\/\/www.plurinominal.com.mx\/index.php?rest_route=\/wp\/v2\/users\/1"}],"replies":[{"embeddable":true,"href":"https:\/\/www.plurinominal.com.mx\/index.php?rest_route=%2Fwp%2Fv2%2Fcomments&post=3525"}],"version-history":[{"count":0,"href":"https:\/\/www.plurinominal.com.mx\/index.php?rest_route=\/wp\/v2\/posts\/3525\/revisions"}],"wp:attachment":[{"href":"https:\/\/www.plurinominal.com.mx\/index.php?rest_route=%2Fwp%2Fv2%2Fmedia&parent=3525"}],"wp:term":[{"taxonomy":"category","embeddable":true,"href":"https:\/\/www.plurinominal.com.mx\/index.php?rest_route=%2Fwp%2Fv2%2Fcategories&post=3525"},{"taxonomy":"post_tag","embeddable":true,"href":"https:\/\/www.plurinominal.com.mx\/index.php?rest_route=%2Fwp%2Fv2%2Ftags&post=3525"}],"curies":[{"name":"wp","href":"https:\/\/api.w.org\/{rel}","templated":true}]}}