{"id":3528,"date":"2012-07-14T01:51:34","date_gmt":"2012-07-14T06:51:34","guid":{"rendered":"http:\/\/www.plurinominal.com.mx\/?p=3528"},"modified":"2012-07-14T01:51:34","modified_gmt":"2012-07-14T06:51:34","slug":"hombres-armados-robaron-vehiculo-en-la-carretera-libre","status":"publish","type":"post","link":"https:\/\/www.plurinominal.com.mx\/?p=3528","title":{"rendered":"Hombres armados robaron veh\u00edculo en la carretera libre"},"content":{"rendered":"<p><em>Redacci\u00f3n.-<\/em>Hombres armados que al parecer tripulaban un autom\u00f3vil Tsuru de color gris, asaltaron al conductor de una camioneta tipo Van.<br \/>\nPolic\u00edas de Cerritos fueron observados trasladando de un lugar a otro a una persona vestida con camisa amarrilla y de lentes, y al indagar sobre lo que le hab\u00eda ocurrido se logr\u00f3 saber que esta persona tiene por nombre Edgar Cort\u00e9s Carrillo, con 42 a\u00f1os cumplidos, oriundo del estado de Aguascalientes, quien sufri\u00f3 un atentado mientras conduc\u00eda por la carretera libre que conecta a nuestro municipio con la Federal 57.<br \/>\nHa sido constatado que la v\u00edctima present\u00f3 una denuncia por robo de veh\u00edculo, este martes, adem\u00e1s de la p\u00e9rdida tambi\u00e9n de sus pertenencias, en la agencia ministerial que est\u00e1 a cargo en estos momentos del licenciado Gerardo Torres. La persona ha manifestado que fueron tres hombres armados, que viajaban a bordo de un Tsuru gris, los que lo despojaron de su veh\u00edculo que es propiedad de uno de sus parientes.<br \/>\nPor lo ocurrido varios polic\u00edas fueron observados apoyando a la persona asaltada, para que dentro de los recorridos que se hacen en la cabecera pudiera ver alg\u00fan detalle que sirviera para recuperar la Van.<\/p>\n","protected":false},"excerpt":{"rendered":"<p>Redacci\u00f3n.-Hombres armados que al parecer tripulaban un autom\u00f3vil Tsuru de color gris, asaltaron al conductor de una camioneta tipo Van. Polic\u00edas de Cerritos fueron observados trasladando de un lugar a&#8230;<\/p>\n","protected":false},"author":1,"featured_media":0,"comment_status":"closed","ping_status":"open","sticky":false,"template":"","format":"standard","meta":{"footnotes":""},"categories":[465],"tags":[],"class_list":["post-3528","post","type-post","status-publish","format-standard","hentry","category-policia-2","entry","simple"],"_links":{"self":[{"href":"https:\/\/www.plurinominal.com.mx\/index.php?rest_route=\/wp\/v2\/posts\/3528","targetHints":{"allow":["GET"]}}],"collection":[{"href":"https:\/\/www.plurinominal.com.mx\/index.php?rest_route=\/wp\/v2\/posts"}],"about":[{"href":"https:\/\/www.plurinominal.com.mx\/index.php?rest_route=\/wp\/v2\/types\/post"}],"author":[{"embeddable":true,"href":"https:\/\/www.plurinominal.com.mx\/index.php?rest_route=\/wp\/v2\/users\/1"}],"replies":[{"embeddable":true,"href":"https:\/\/www.plurinominal.com.mx\/index.php?rest_route=%2Fwp%2Fv2%2Fcomments&post=3528"}],"version-history":[{"count":0,"href":"https:\/\/www.plurinominal.com.mx\/index.php?rest_route=\/wp\/v2\/posts\/3528\/revisions"}],"wp:attachment":[{"href":"https:\/\/www.plurinominal.com.mx\/index.php?rest_route=%2Fwp%2Fv2%2Fmedia&parent=3528"}],"wp:term":[{"taxonomy":"category","embeddable":true,"href":"https:\/\/www.plurinominal.com.mx\/index.php?rest_route=%2Fwp%2Fv2%2Fcategories&post=3528"},{"taxonomy":"post_tag","embeddable":true,"href":"https:\/\/www.plurinominal.com.mx\/index.php?rest_route=%2Fwp%2Fv2%2Ftags&post=3528"}],"curies":[{"name":"wp","href":"https:\/\/api.w.org\/{rel}","templated":true}]}}