{"id":3530,"date":"2012-07-14T02:37:44","date_gmt":"2012-07-14T07:37:44","guid":{"rendered":"http:\/\/www.plurinominal.com.mx\/?p=3530"},"modified":"2012-07-14T02:37:44","modified_gmt":"2012-07-14T07:37:44","slug":"seguira-el-militar-a-cargo-de-la-dspm","status":"publish","type":"post","link":"https:\/\/www.plurinominal.com.mx\/?p=3530","title":{"rendered":"Seguir\u00e1 el Militar a cargo de la DSPM"},"content":{"rendered":"<p><em>Marco Serna.-<\/em> El Teniente Sa\u00fal V\u00e1zquez Hern\u00e1ndez, inform\u00f3 a Plurinominal este martes que seguir\u00e1 al frente de la corporaci\u00f3n de polic\u00eda municipal.<br \/>\nAl Militar, se le vio trabajando de manera intensa en la zona centro este 10 de julio, donde personalmente, pero apoyado de sus oficiales, solicitaba a los propietarios de predios que retiraran objetos de la v\u00eda vehicular con los que indicaban exclusividad.<br \/>\nAsimismo, se ordenaron operativos contra motociclistas sin placas ni casco, y se marc\u00f3 el alto a cualquier veh\u00edculo sospechoso.<br \/>\nAs\u00ed fue que el martes al mediod\u00eda, un sujeto de aspecto pandilleril fue detenido a un costado de la parroquia de San Juan Bautista, y al parecer se le llev\u00f3 detenido con el fin de interrogarlo.<br \/>\nA casi un mes de haber llegado el nuevo Comandante, tanto oficiales como poblaci\u00f3n en general, reconocen una disminuci\u00f3n en el \u00edndice delictivo en lo que respecta a la cabecera, sin embargo algunos cerritenses creen que se requiere un poco de flexibilidad.<br \/>\nAsimismo, cada noche ya no es tan com\u00fan observar carros conducidos de manera escandalosa, dado que ahora, ante la nueva manera de trabajar, los choferes parecen m\u00e1s prudentes.<br \/>\nEste lunes, se esperaba el nombramiento de un nuevo Comandante, pero el martes Sa\u00fal V\u00e1zquez, confirm\u00f3 a este medio que seguir\u00e1 trabajando por un tiempo considerable al frente de la corporaci\u00f3n. Se explic\u00f3 adem\u00e1s, que durante el interinato de Nubia Rodr\u00edguez, se autoriz\u00f3 la contrataci\u00f3n de m\u00e1s personal.<br \/>\nTambi\u00e9n ahora los requisitos para pertenecer a esa corporaci\u00f3n, son m\u00e1s numerosos como lo es el contar con la preparatoria terminada.<br \/>\nA quienes no cumplen con la disposici\u00f3n pero ya son parte de la polic\u00eda, se les ha dado oportunidad de cursarla en el Instituto Nacional para la Educaci\u00f3n de los Adultos antes de que la medida sea de observancia general.<br \/>\nElementos reconocen que durante el periodo de Jorge Adonai Valladares Lugo, la mayor\u00eda de los elementos llevaron a cabo cursos de capacitaci\u00f3n, entre ellos uno enfocado al respeto de los Derechos Humanos y esperan que se siga apoyando para la superaci\u00f3n de los polic\u00edas.<\/p>\n","protected":false},"excerpt":{"rendered":"<p>Marco Serna.- El Teniente Sa\u00fal V\u00e1zquez Hern\u00e1ndez, inform\u00f3 a Plurinominal este martes que seguir\u00e1 al frente de la corporaci\u00f3n de polic\u00eda municipal. Al Militar, se le vio trabajando de manera&#8230;<\/p>\n","protected":false},"author":1,"featured_media":3531,"comment_status":"closed","ping_status":"open","sticky":false,"template":"","format":"standard","meta":{"footnotes":""},"categories":[3,465],"tags":[],"class_list":["post-3530","post","type-post","status-publish","format-standard","has-post-thumbnail","hentry","category-cerritos","category-policia-2","entry","simple"],"_links":{"self":[{"href":"https:\/\/www.plurinominal.com.mx\/index.php?rest_route=\/wp\/v2\/posts\/3530","targetHints":{"allow":["GET"]}}],"collection":[{"href":"https:\/\/www.plurinominal.com.mx\/index.php?rest_route=\/wp\/v2\/posts"}],"about":[{"href":"https:\/\/www.plurinominal.com.mx\/index.php?rest_route=\/wp\/v2\/types\/post"}],"author":[{"embeddable":true,"href":"https:\/\/www.plurinominal.com.mx\/index.php?rest_route=\/wp\/v2\/users\/1"}],"replies":[{"embeddable":true,"href":"https:\/\/www.plurinominal.com.mx\/index.php?rest_route=%2Fwp%2Fv2%2Fcomments&post=3530"}],"version-history":[{"count":0,"href":"https:\/\/www.plurinominal.com.mx\/index.php?rest_route=\/wp\/v2\/posts\/3530\/revisions"}],"wp:featuredmedia":[{"embeddable":true,"href":"https:\/\/www.plurinominal.com.mx\/index.php?rest_route=\/wp\/v2\/media\/3531"}],"wp:attachment":[{"href":"https:\/\/www.plurinominal.com.mx\/index.php?rest_route=%2Fwp%2Fv2%2Fmedia&parent=3530"}],"wp:term":[{"taxonomy":"category","embeddable":true,"href":"https:\/\/www.plurinominal.com.mx\/index.php?rest_route=%2Fwp%2Fv2%2Fcategories&post=3530"},{"taxonomy":"post_tag","embeddable":true,"href":"https:\/\/www.plurinominal.com.mx\/index.php?rest_route=%2Fwp%2Fv2%2Ftags&post=3530"}],"curies":[{"name":"wp","href":"https:\/\/api.w.org\/{rel}","templated":true}]}}