{"id":3558,"date":"2012-07-20T00:22:40","date_gmt":"2012-07-20T05:22:40","guid":{"rendered":"http:\/\/www.plurinominal.com.mx\/?p=3558"},"modified":"2012-07-20T00:22:59","modified_gmt":"2012-07-20T05:22:59","slug":"el-agua-frustro-proyeccion-de-video-informativo-del-pri","status":"publish","type":"post","link":"https:\/\/www.plurinominal.com.mx\/?p=3558","title":{"rendered":"El agua frustr\u00f3 proyecci\u00f3n de video informativo del PRI"},"content":{"rendered":"<p>Rom\u00e1n G.- L\u00edderes del Partido Revolucionario Institucional, hicieron el llamado a sus simpatizantes este domingo 15 de julio a la plaza principal, donde se transmitir\u00eda un video que revela parte de los acontecimientos que ese grupo reclama, sin embargo las condiciones climatol\u00f3gicas frustraron la intenci\u00f3n.<\/p>\n","protected":false},"excerpt":{"rendered":"<p>Rom\u00e1n G.- L\u00edderes del Partido Revolucionario Institucional, hicieron el llamado a sus simpatizantes este domingo 15 de julio a la plaza principal, donde se transmitir\u00eda un video que revela parte&#8230;<\/p>\n","protected":false},"author":1,"featured_media":3559,"comment_status":"closed","ping_status":"open","sticky":false,"template":"","format":"standard","meta":{"footnotes":""},"categories":[463],"tags":[],"class_list":["post-3558","post","type-post","status-publish","format-standard","has-post-thumbnail","hentry","category-politica","entry","simple"],"_links":{"self":[{"href":"https:\/\/www.plurinominal.com.mx\/index.php?rest_route=\/wp\/v2\/posts\/3558","targetHints":{"allow":["GET"]}}],"collection":[{"href":"https:\/\/www.plurinominal.com.mx\/index.php?rest_route=\/wp\/v2\/posts"}],"about":[{"href":"https:\/\/www.plurinominal.com.mx\/index.php?rest_route=\/wp\/v2\/types\/post"}],"author":[{"embeddable":true,"href":"https:\/\/www.plurinominal.com.mx\/index.php?rest_route=\/wp\/v2\/users\/1"}],"replies":[{"embeddable":true,"href":"https:\/\/www.plurinominal.com.mx\/index.php?rest_route=%2Fwp%2Fv2%2Fcomments&post=3558"}],"version-history":[{"count":0,"href":"https:\/\/www.plurinominal.com.mx\/index.php?rest_route=\/wp\/v2\/posts\/3558\/revisions"}],"wp:featuredmedia":[{"embeddable":true,"href":"https:\/\/www.plurinominal.com.mx\/index.php?rest_route=\/wp\/v2\/media\/3559"}],"wp:attachment":[{"href":"https:\/\/www.plurinominal.com.mx\/index.php?rest_route=%2Fwp%2Fv2%2Fmedia&parent=3558"}],"wp:term":[{"taxonomy":"category","embeddable":true,"href":"https:\/\/www.plurinominal.com.mx\/index.php?rest_route=%2Fwp%2Fv2%2Fcategories&post=3558"},{"taxonomy":"post_tag","embeddable":true,"href":"https:\/\/www.plurinominal.com.mx\/index.php?rest_route=%2Fwp%2Fv2%2Ftags&post=3558"}],"curies":[{"name":"wp","href":"https:\/\/api.w.org\/{rel}","templated":true}]}}